{"id":34813,"date":"2015-12-02T12:32:34","date_gmt":"2015-12-02T11:32:34","guid":{"rendered":"http:\/\/2horizontes.com\/?p=34813"},"modified":"2015-12-02T12:32:34","modified_gmt":"2015-12-02T11:32:34","slug":"fundador-de-facebook-celebra-nacimiento-de-su-hija-y-dice-donara-el-99-de-su-fortuna","status":"publish","type":"post","link":"https:\/\/2horizontes.com\/?p=34813","title":{"rendered":"Fundador de Facebook celebra nacimiento de su hija y dice donar\u00e1 el 99 % de su fortuna"},"content":{"rendered":"<div id=\"ArticleAuthorDiv\" class=\"article-body-author\"><b>EFE<\/b><\/div>\n<div id=\"ArticleSourceDiv\" class=\"article-body-author\"><b>Nueva York<\/b><\/div>\n<div id=\"ArticleBody\">\n<p>El m\u00e1ximo directivo de Facebook, Mark Zuckerberg, anunci\u00f3 ayer que, celebrando el nacimiento de su hija, Max, donar\u00e1 el 99 % de sus acciones de Facebook a su fundaci\u00f3n durante el transcurso de su vida.<\/p>\n<p>En una carta a su hija publicada en Facebook, Zuckerberg dijo que el prop\u00f3sito suyo y el de su esposa, Priscilla Chan, es el de \u00abavanzar en el potencial humano y promover la igualdad del ser humano\u00bb para que su hija pueda vivir \u00aben un mundo mejor\u00bb.<\/p>\n<p>El 99 % de las acciones de Facebook equivalen actualmente a 45.000 millones de d\u00f3lares, especific\u00f3 Zuckerberg. El dinero ser\u00e1 canalizado a trav\u00e9s de la Iniciativa Chan Zuckerberg.<\/p>\n<p>\u00abLas principales \u00e1reas donde nos vamos a enfocar son el aprendizaje personalizado, la cura de enfermedades, conectar a la gente y construir comunidades fuertes\u00bb, explic\u00f3 el creador de la red social.<\/p>\n<p>Tambi\u00e9n dijo que tiene intenci\u00f3n de ser el principal directivo de Facebook \u00abpor muchos, muchos a\u00f1os\u00bb.<\/p>\n<p>Con esta donaci\u00f3n constante, la familia pretende \u00abluchar por mejorar el mundo para las pr\u00f3ximas generaciones\u00bb, agreg\u00f3, y se\u00f1al\u00f3 que en los pr\u00f3ximos meses dar\u00e1 a conocer m\u00e1s detalles sobre esta decisi\u00f3n.<\/p>\n<p>De acuerdo con la lista que actualiza permanentemente la revista Forbes, Zuckerberg, de 31 a\u00f1os, acumula una fortuna de unos 46.800 millones de d\u00f3lares y ocupa el puesto 16 en el r\u00e1nking de personas m\u00e1s ricas de todo el mundo.<\/p>\n<p>Su fortuna est\u00e1 por debajo de los 79.900 millones de d\u00f3lares de Bill Gates, uno de los fundadores de Microsoft y ahora dedicado a labores filantr\u00f3picas.<\/p>\n<\/div>\n","protected":false},"excerpt":{"rendered":"<p>EFE Nueva York El m\u00e1ximo directivo de Facebook, Mark Zuckerberg, anunci\u00f3 ayer que, celebrando el nacimiento de su hija, Max, donar\u00e1 el 99 % de sus acciones de Facebook a su fundaci\u00f3n durante el transcurso de su vida. En una carta a su hija publicada en Facebook, Zuckerberg dijo que el prop\u00f3sito suyo y el [&hellip;]<\/p>\n","protected":false},"author":7,"featured_media":34814,"comment_status":"open","ping_status":"open","sticky":false,"template":"","format":"standard","meta":{"footnotes":""},"categories":[1,40],"tags":[],"class_list":["post-34813","post","type-post","status-publish","format-standard","has-post-thumbnail","hentry","category-entretenimiento","category-internacionales"],"_links":{"self":[{"href":"https:\/\/2horizontes.com\/index.php?rest_route=\/wp\/v2\/posts\/34813","targetHints":{"allow":["GET"]}}],"collection":[{"href":"https:\/\/2horizontes.com\/index.php?rest_route=\/wp\/v2\/posts"}],"about":[{"href":"https:\/\/2horizontes.com\/index.php?rest_route=\/wp\/v2\/types\/post"}],"author":[{"embeddable":true,"href":"https:\/\/2horizontes.com\/index.php?rest_route=\/wp\/v2\/users\/7"}],"replies":[{"embeddable":true,"href":"https:\/\/2horizontes.com\/index.php?rest_route=%2Fwp%2Fv2%2Fcomments&post=34813"}],"version-history":[{"count":1,"href":"https:\/\/2horizontes.com\/index.php?rest_route=\/wp\/v2\/posts\/34813\/revisions"}],"predecessor-version":[{"id":34815,"href":"https:\/\/2horizontes.com\/index.php?rest_route=\/wp\/v2\/posts\/34813\/revisions\/34815"}],"wp:featuredmedia":[{"embeddable":true,"href":"https:\/\/2horizontes.com\/index.php?rest_route=\/wp\/v2\/media\/34814"}],"wp:attachment":[{"href":"https:\/\/2horizontes.com\/index.php?rest_route=%2Fwp%2Fv2%2Fmedia&parent=34813"}],"wp:term":[{"taxonomy":"category","embeddable":true,"href":"https:\/\/2horizontes.com\/index.php?rest_route=%2Fwp%2Fv2%2Fcategories&post=34813"},{"taxonomy":"post_tag","embeddable":true,"href":"https:\/\/2horizontes.com\/index.php?rest_route=%2Fwp%2Fv2%2Ftags&post=34813"}],"curies":[{"name":"wp","href":"https:\/\/api.w.org\/{rel}","templated":true}]}}