{"id":34785,"date":"2015-12-02T11:42:17","date_gmt":"2015-12-02T10:42:17","guid":{"rendered":"http:\/\/2horizontes.com\/?p=34785"},"modified":"2015-12-02T11:42:17","modified_gmt":"2015-12-02T10:42:17","slug":"tres-personas-mueren-en-el-incendio-de-una-vivienda-en-vilalba-lugo","status":"publish","type":"post","link":"https:\/\/2horizontes.com\/?p=34785","title":{"rendered":"Tres personas mueren en el incendio de una vivienda en Vilalba (Lugo)"},"content":{"rendered":"<p>Un matrimonio de octogenarios y su hija, de unos cincuenta a\u00f1os, han podido morir en un incendio de una vivienda familiar en el barrio de A Ribeira, en la parroquia de San Sim\u00f3n da Costa, en el municipio lucense de Vilalba, informaron hoy fuentes de los servicios de emergencias.<\/p>\n<p>Estos equipos tratan de determinar el n\u00famero de fallecidos a consecuencia del fuego, que ha dejado los cuerpos \u00abcompletamente calcinados\u00bb, de modo que de momento s\u00f3lo se han encontrado \u00abalgunos restos \u00f3seos entre los escombros, que deben ser identificados\u00bb, han a\u00f1adido las fuentes.<\/p>\n<p>El jefe del parque de Bomberos de la localidad, Ignacio Mart\u00ednez, ha indicado que la alerta fue registrada sobre las 08.00 horas cuando les informaron de que sal\u00eda humo de las ventanas de \u00abuna vivienda unifamiliar bastante grande\u00bb. Ha precisado que se trata de un inmueble en el que reside un matrimonio de octogenarios y su hija, de unos cincuenta a\u00f1os, posiblemente las personas que se encontraban en su interior.<\/p>\n<p>Cuando los bomberos han llegado al lugar del siniestro el incendio ya se hab\u00eda propagado y el interior de la vivienda \u00abestaba totalmente en ruinas\u00bb, ha precisado Mart\u00ednez.<\/p>\n<p>La elevada temperatura en el interior de la casa, que probablemente \u00abalcanz\u00f3 los 1.000 grados\u00bb cent\u00edgrados, dej\u00f3 los cuerpos \u00abcompletamente calcinados\u00bb, de modo que los servicios de emergencias de momento s\u00f3lo han encontrado \u00abalgunos restos \u00f3seos entre los escombros\u00bb, ha se\u00f1alado. Seg\u00fan fuentes de Emergencias, esa situaci\u00f3n podr\u00eda dificultar la labor de identificaci\u00f3n de las personas fallecidas.<\/p>\n","protected":false},"excerpt":{"rendered":"<p>Un matrimonio de octogenarios y su hija, de unos cincuenta a\u00f1os, han podido morir en un incendio de una vivienda familiar en el barrio de A Ribeira, en la parroquia de San Sim\u00f3n da Costa, en el municipio lucense de Vilalba, informaron hoy fuentes de los servicios de emergencias. Estos equipos tratan de determinar el [&hellip;]<\/p>\n","protected":false},"author":3,"featured_media":34786,"comment_status":"open","ping_status":"open","sticky":false,"template":"","format":"standard","meta":{"footnotes":""},"categories":[85],"tags":[],"class_list":["post-34785","post","type-post","status-publish","format-standard","has-post-thumbnail","hentry","category-espana"],"_links":{"self":[{"href":"https:\/\/2horizontes.com\/index.php?rest_route=\/wp\/v2\/posts\/34785","targetHints":{"allow":["GET"]}}],"collection":[{"href":"https:\/\/2horizontes.com\/index.php?rest_route=\/wp\/v2\/posts"}],"about":[{"href":"https:\/\/2horizontes.com\/index.php?rest_route=\/wp\/v2\/types\/post"}],"author":[{"embeddable":true,"href":"https:\/\/2horizontes.com\/index.php?rest_route=\/wp\/v2\/users\/3"}],"replies":[{"embeddable":true,"href":"https:\/\/2horizontes.com\/index.php?rest_route=%2Fwp%2Fv2%2Fcomments&post=34785"}],"version-history":[{"count":1,"href":"https:\/\/2horizontes.com\/index.php?rest_route=\/wp\/v2\/posts\/34785\/revisions"}],"predecessor-version":[{"id":34787,"href":"https:\/\/2horizontes.com\/index.php?rest_route=\/wp\/v2\/posts\/34785\/revisions\/34787"}],"wp:featuredmedia":[{"embeddable":true,"href":"https:\/\/2horizontes.com\/index.php?rest_route=\/wp\/v2\/media\/34786"}],"wp:attachment":[{"href":"https:\/\/2horizontes.com\/index.php?rest_route=%2Fwp%2Fv2%2Fmedia&parent=34785"}],"wp:term":[{"taxonomy":"category","embeddable":true,"href":"https:\/\/2horizontes.com\/index.php?rest_route=%2Fwp%2Fv2%2Fcategories&post=34785"},{"taxonomy":"post_tag","embeddable":true,"href":"https:\/\/2horizontes.com\/index.php?rest_route=%2Fwp%2Fv2%2Ftags&post=34785"}],"curies":[{"name":"wp","href":"https:\/\/api.w.org\/{rel}","templated":true}]}}