{"id":34761,"date":"2015-12-01T22:25:50","date_gmt":"2015-12-01T21:25:50","guid":{"rendered":"http:\/\/2horizontes.com\/?p=34761"},"modified":"2015-12-01T22:27:51","modified_gmt":"2015-12-01T21:27:51","slug":"pn-y-fiscalia-allanan-residencia-de-jueza-awilda-reyes-rd","status":"publish","type":"post","link":"https:\/\/2horizontes.com\/?p=34761","title":{"rendered":"PN Y FISCALIA allanan residencia de jueza Awilda Reyes RD"},"content":{"rendered":"<article class=\"contenidoArticulo\">\n<div class=\"cuerpoNoticia\">\n<p>RD- SANTO DOMINGO-Miembros de la Polic\u00eda Nacional, encabezados por dos fiscales, allanaron hace unos momentos la residencia de la suspendida jueza Awilda Reyes Beltr\u00e9, quien est\u00e1 acusada de actos de corrupci\u00f3n.<\/p>\n<p>El edificio de apartamentos donde vive\u00a0 la suspendida magistrada est\u00e1 ubicado detr\u00e1s del club del Banco Central, en los Jardines del Sur, Distrito Nacional.<\/p>\n<p>Reyes Belt\u00e9 est\u00e1 acusada de recibir soborno para dejar en liberta a acusados en varios casos, especialmente el caso del \u00a0regidor de Pedro Brand, Ericcson de los Santos, imputado de sicariato.<\/p>\n<p>Mas adelante mas informaci\u00f3n sobre el caso.<\/p>\n<\/div>\n<\/article>\n<p>&nbsp;<\/p>\n","protected":false},"excerpt":{"rendered":"<p>RD- SANTO DOMINGO-Miembros de la Polic\u00eda Nacional, encabezados por dos fiscales, allanaron hace unos momentos la residencia de la suspendida jueza Awilda Reyes Beltr\u00e9, quien est\u00e1 acusada de actos de corrupci\u00f3n. El edificio de apartamentos donde vive\u00a0 la suspendida magistrada est\u00e1 ubicado detr\u00e1s del club del Banco Central, en los Jardines del Sur, Distrito Nacional. [&hellip;]<\/p>\n","protected":false},"author":8,"featured_media":34764,"comment_status":"open","ping_status":"open","sticky":false,"template":"","format":"standard","meta":{"footnotes":""},"categories":[44],"tags":[],"class_list":["post-34761","post","type-post","status-publish","format-standard","has-post-thumbnail","hentry","category-republica-dominicana"],"_links":{"self":[{"href":"https:\/\/2horizontes.com\/index.php?rest_route=\/wp\/v2\/posts\/34761","targetHints":{"allow":["GET"]}}],"collection":[{"href":"https:\/\/2horizontes.com\/index.php?rest_route=\/wp\/v2\/posts"}],"about":[{"href":"https:\/\/2horizontes.com\/index.php?rest_route=\/wp\/v2\/types\/post"}],"author":[{"embeddable":true,"href":"https:\/\/2horizontes.com\/index.php?rest_route=\/wp\/v2\/users\/8"}],"replies":[{"embeddable":true,"href":"https:\/\/2horizontes.com\/index.php?rest_route=%2Fwp%2Fv2%2Fcomments&post=34761"}],"version-history":[{"count":1,"href":"https:\/\/2horizontes.com\/index.php?rest_route=\/wp\/v2\/posts\/34761\/revisions"}],"predecessor-version":[{"id":34763,"href":"https:\/\/2horizontes.com\/index.php?rest_route=\/wp\/v2\/posts\/34761\/revisions\/34763"}],"wp:featuredmedia":[{"embeddable":true,"href":"https:\/\/2horizontes.com\/index.php?rest_route=\/wp\/v2\/media\/34764"}],"wp:attachment":[{"href":"https:\/\/2horizontes.com\/index.php?rest_route=%2Fwp%2Fv2%2Fmedia&parent=34761"}],"wp:term":[{"taxonomy":"category","embeddable":true,"href":"https:\/\/2horizontes.com\/index.php?rest_route=%2Fwp%2Fv2%2Fcategories&post=34761"},{"taxonomy":"post_tag","embeddable":true,"href":"https:\/\/2horizontes.com\/index.php?rest_route=%2Fwp%2Fv2%2Ftags&post=34761"}],"curies":[{"name":"wp","href":"https:\/\/api.w.org\/{rel}","templated":true}]}}