{"id":34746,"date":"2015-12-01T19:27:57","date_gmt":"2015-12-01T18:27:57","guid":{"rendered":"http:\/\/2horizontes.com\/?p=34746"},"modified":"2015-12-01T19:27:57","modified_gmt":"2015-12-01T18:27:57","slug":"belen-esteban-rompe-con-su-representante-tono-sanchis-por-una-traicion","status":"publish","type":"post","link":"https:\/\/2horizontes.com\/?p=34746","title":{"rendered":"Bel\u00e9n Esteban rompe con su representante To\u00f1o Sanch\u00eds por una traici\u00f3n"},"content":{"rendered":"<p>La relaci\u00f3n entre Bel\u00e9n Esteban y To\u00f1o Sanch\u00eds podr\u00eda tener los d\u00edas contados. La colaboradora de S\u00e1lvame ha asegurado que se siente traicionada por alguien de su entorno y todas las miradas apuntan a su representante.<\/p>\n<p>Mila Xim\u00e9nez ha sido la encargada de destapar la caja de los truenos al afirmar que To\u00f1o Sanch\u00eds habr\u00eda filtrado informaci\u00f3n sobre Bel\u00e9n Esteban, algo sobre lo que su hasta ahora representada no se ha atrevido a confirmar ni desmentir.<\/p>\n<p>\u00a1Bel\u00e9n enga\u00f1ada por alguien MUY cercano! https:\/\/t.co\/wkAEMxJ5o3<\/p>\n<p>? S\u00e1lvame Oficial (@salvameoficial) diciembre 1, 2015.<\/p>\n<p>Llevo cuatro meses callada y no me voy a pronunciar. Lo que ha dicho Mila, lo ha dicho ella. Me gustar\u00eda hablar, pero estoy atada de pies y manos\u00bb, explic\u00f3 Bel\u00e9n Esteban este martes en S\u00e1lvame, dando a entender que su relaci\u00f3n con To\u00f1o Sanch\u00eds no se puede romper por obligaciones contractuales.<\/p>\n<p>To\u00f1o Sanch\u00eds se ha convertido en uno de los representantes de famosos m\u00e1s importantes de su pa\u00eds, siendo Bel\u00e9n Esteban su representada con m\u00e1s tir\u00f3n. Por su agencia han pasado, adem\u00e1s de la princesa del pueblo, figuras como Boris Izaguirre, Kiko Matamoros, \u00c1lvaro Mu\u00f1oz Escassi, Joaqu\u00edn Torres e incluso el propio Jorge Javier V\u00e1zquez.<\/p>\n<p>La relaci\u00f3n entre Bel\u00e9n Esteban y To\u00f1o Sanch\u00eds traspasaba lo profesional. La de San Blas lo consideraba un amigo m\u00e1s que un representante, y una posible traici\u00f3n podr\u00eda hacer que se tambaleasen los cimientos de esa amistad. \u00abSolo voy a decir una cosa: la avaricia rompe el saco\u00bb, coment\u00f3 la colaboradora en el programa de Telecinco, dejando caer un supuesto enga\u00f1o econ\u00f3mico que la propia Bel\u00e9n Esteban habr\u00eda cifrado en un mill\u00f3n de euros.<\/p>\n<p>Yo he vendido mi vida durante diez a\u00f1os y lo he hecho por la persona que m\u00e1s quiero. Porque por mi hija y mi famila mato\u00bb, asever\u00f3 la colaboradora.<\/p>\n<p>Bel\u00e9n Esteban ha pasado una mala tarde en S\u00e1lvame tras darse a conocer la supuestra traici\u00f3n por parte de To\u00f1o Sanch\u00eds, por lo que su madre ha decidido llamar al programa para mostrarle su apoyo. La colaboradora Terelu Campos, a la que tambi\u00e9n representa Sanch\u00eds, se ha planteado sin continuar con su relaci\u00f3n contractual con \u00e9l.<\/p>\n<p>Desde S\u00e1lvame han lanzado una encuesta para que la gente opine si cree que To\u00f1o Sanch\u00eds ha filtrado informaci\u00f3n de Bel\u00e9n Esteban o no.<\/p>\n<p>Esta ENCUESTA est\u00e1 reventando, y To\u00f1o no est\u00e1 quedado muy bien. Votad: https:\/\/t.co\/u5WDIWVTAw #misterielu #yoveos\u00e1lvame @fabricatele<\/p>\n<p>? S\u00e1lvame Oficial (@salvameoficial) diciembre 1, 2015<br \/>\n\u00abSi hablo se cae Telecinco\u00bb<\/p>\n<p>La decepci\u00f3n de la colaboradora de S\u00e1lvame ha sido tal que podr\u00eda incluso haber excluido a To\u00f1o Sanch\u00eds de su testamento. La tertuliana asegura que abus\u00f3 de su confianza a pesar de que le pagaba comisiones del 30 % de sus ingresos. Seg\u00fan Bel\u00e9n Esteban, su a\u00fan representante iba a los programas a hablar de su vida cobrando.<\/p>\n<p>Que parece que el artista era \u00e9l y yo el representante. Si yo dijera algo se cae Telecinco pero lo dir\u00e9. Lo voy a contar todo\u00bb.<\/p>\n","protected":false},"excerpt":{"rendered":"<p>La relaci\u00f3n entre Bel\u00e9n Esteban y To\u00f1o Sanch\u00eds podr\u00eda tener los d\u00edas contados. La colaboradora de S\u00e1lvame ha asegurado que se siente traicionada por alguien de su entorno y todas las miradas apuntan a su representante. Mila Xim\u00e9nez ha sido la encargada de destapar la caja de los truenos al afirmar que To\u00f1o Sanch\u00eds habr\u00eda [&hellip;]<\/p>\n","protected":false},"author":3,"featured_media":34747,"comment_status":"open","ping_status":"open","sticky":false,"template":"","format":"standard","meta":{"footnotes":""},"categories":[1,85],"tags":[],"class_list":["post-34746","post","type-post","status-publish","format-standard","has-post-thumbnail","hentry","category-entretenimiento","category-espana"],"_links":{"self":[{"href":"https:\/\/2horizontes.com\/index.php?rest_route=\/wp\/v2\/posts\/34746","targetHints":{"allow":["GET"]}}],"collection":[{"href":"https:\/\/2horizontes.com\/index.php?rest_route=\/wp\/v2\/posts"}],"about":[{"href":"https:\/\/2horizontes.com\/index.php?rest_route=\/wp\/v2\/types\/post"}],"author":[{"embeddable":true,"href":"https:\/\/2horizontes.com\/index.php?rest_route=\/wp\/v2\/users\/3"}],"replies":[{"embeddable":true,"href":"https:\/\/2horizontes.com\/index.php?rest_route=%2Fwp%2Fv2%2Fcomments&post=34746"}],"version-history":[{"count":1,"href":"https:\/\/2horizontes.com\/index.php?rest_route=\/wp\/v2\/posts\/34746\/revisions"}],"predecessor-version":[{"id":34748,"href":"https:\/\/2horizontes.com\/index.php?rest_route=\/wp\/v2\/posts\/34746\/revisions\/34748"}],"wp:featuredmedia":[{"embeddable":true,"href":"https:\/\/2horizontes.com\/index.php?rest_route=\/wp\/v2\/media\/34747"}],"wp:attachment":[{"href":"https:\/\/2horizontes.com\/index.php?rest_route=%2Fwp%2Fv2%2Fmedia&parent=34746"}],"wp:term":[{"taxonomy":"category","embeddable":true,"href":"https:\/\/2horizontes.com\/index.php?rest_route=%2Fwp%2Fv2%2Fcategories&post=34746"},{"taxonomy":"post_tag","embeddable":true,"href":"https:\/\/2horizontes.com\/index.php?rest_route=%2Fwp%2Fv2%2Ftags&post=34746"}],"curies":[{"name":"wp","href":"https:\/\/api.w.org\/{rel}","templated":true}]}}