{"id":34736,"date":"2015-12-01T18:05:36","date_gmt":"2015-12-01T17:05:36","guid":{"rendered":"http:\/\/2horizontes.com\/?p=34736"},"modified":"2015-12-01T18:05:36","modified_gmt":"2015-12-01T17:05:36","slug":"gobierno-iniciara-este-viernes-el-pago-del-doble-sueldo-con-mas-de-11mm-rd","status":"publish","type":"post","link":"https:\/\/2horizontes.com\/?p=34736","title":{"rendered":"Gobierno iniciar\u00e1 este viernes el pago del doble sueldo con mas de 11MM RD"},"content":{"rendered":"<p>RD- SANTO DOMINGO-La Tesorer\u00eda Nacional inform\u00f3 este martes que iniciar\u00e1 a partir de este viernes el pago del doble sueldo a los servidores p\u00fablicos, cumpliendo de esa manera con la disposici\u00f3n del presidente de la Rep\u00fablica, Danilo Medina, \u00a0de hacer efectiva la misma en el per\u00edodo comprendido entre el 4 y el 11 de diciembre.<br \/>\nEl tesorero nacional, Alberto Perdomo Pi\u00f1a, indic\u00f3 que se ha previsto el desembolso de m\u00e1s de 11 mil millones por este concepto.<\/p>\n<p>Asimismo, inform\u00f3 que los primeros en recibir el sueldo n\u00famero 13 ser\u00e1n los pensionados civiles y militares; posteriormente continuar\u00e1 el personal del Ministerio de Defensa y los integrantes de los institutos castrenses; Ej\u00e9rcito Dominicano, Fuerza A\u00e9rea de Rep\u00fablica Dominicana y la Armada Dominicana, incluyendo a los miembros de la Polic\u00eda Nacional y se continuar\u00e1 hasta completar el pago a todos los servidores p\u00fablicos.<\/p>\n<p>\u00abEsta gradualidad es producto de la coordinaci\u00f3n que se ha realizado con el Banco de Reservas, para minimizar el congestionamiento en sucursales y servicios electr\u00f3nicos\u00bb, se\u00f1al\u00f3 la entidad a trav\u00e9s de una nota de prensa.<\/p>\n<p>Explic\u00f3 que los recursos que se desembolsar\u00e1n a partir de este viernes, no incluyen los montos que pagar\u00e1n algunas entidades aut\u00f3nomas del Estado, los ayuntamientos y las juntas municipales.<\/p>\n<p>Garantiz\u00f3 que los empleados de esa instituci\u00f3n y las dem\u00e1s instituciones de la Administraci\u00f3n Financiera P\u00fablica, trabajan a toda capacidad para que los servidores p\u00fablicos reciban el pago en el tiempo establecido.<\/p>\n<p>&nbsp;<\/p>\n","protected":false},"excerpt":{"rendered":"<p>RD- SANTO DOMINGO-La Tesorer\u00eda Nacional inform\u00f3 este martes que iniciar\u00e1 a partir de este viernes el pago del doble sueldo a los servidores p\u00fablicos, cumpliendo de esa manera con la disposici\u00f3n del presidente de la Rep\u00fablica, Danilo Medina, \u00a0de hacer efectiva la misma en el per\u00edodo comprendido entre el 4 y el 11 de diciembre. [&hellip;]<\/p>\n","protected":false},"author":8,"featured_media":34737,"comment_status":"open","ping_status":"open","sticky":false,"template":"","format":"standard","meta":{"footnotes":""},"categories":[63,44],"tags":[],"class_list":["post-34736","post","type-post","status-publish","format-standard","has-post-thumbnail","hentry","category-economia","category-republica-dominicana"],"_links":{"self":[{"href":"https:\/\/2horizontes.com\/index.php?rest_route=\/wp\/v2\/posts\/34736","targetHints":{"allow":["GET"]}}],"collection":[{"href":"https:\/\/2horizontes.com\/index.php?rest_route=\/wp\/v2\/posts"}],"about":[{"href":"https:\/\/2horizontes.com\/index.php?rest_route=\/wp\/v2\/types\/post"}],"author":[{"embeddable":true,"href":"https:\/\/2horizontes.com\/index.php?rest_route=\/wp\/v2\/users\/8"}],"replies":[{"embeddable":true,"href":"https:\/\/2horizontes.com\/index.php?rest_route=%2Fwp%2Fv2%2Fcomments&post=34736"}],"version-history":[{"count":1,"href":"https:\/\/2horizontes.com\/index.php?rest_route=\/wp\/v2\/posts\/34736\/revisions"}],"predecessor-version":[{"id":34738,"href":"https:\/\/2horizontes.com\/index.php?rest_route=\/wp\/v2\/posts\/34736\/revisions\/34738"}],"wp:featuredmedia":[{"embeddable":true,"href":"https:\/\/2horizontes.com\/index.php?rest_route=\/wp\/v2\/media\/34737"}],"wp:attachment":[{"href":"https:\/\/2horizontes.com\/index.php?rest_route=%2Fwp%2Fv2%2Fmedia&parent=34736"}],"wp:term":[{"taxonomy":"category","embeddable":true,"href":"https:\/\/2horizontes.com\/index.php?rest_route=%2Fwp%2Fv2%2Fcategories&post=34736"},{"taxonomy":"post_tag","embeddable":true,"href":"https:\/\/2horizontes.com\/index.php?rest_route=%2Fwp%2Fv2%2Ftags&post=34736"}],"curies":[{"name":"wp","href":"https:\/\/api.w.org\/{rel}","templated":true}]}}