{"id":34718,"date":"2015-12-01T16:47:10","date_gmt":"2015-12-01T15:47:10","guid":{"rendered":"http:\/\/2horizontes.com\/?p=34718"},"modified":"2015-12-01T16:47:10","modified_gmt":"2015-12-01T15:47:10","slug":"aumento-monto-subsidio-por-lactancia-beneficiara-a-miles-de-madres-en-rd","status":"publish","type":"post","link":"https:\/\/2horizontes.com\/?p=34718","title":{"rendered":"Aumento monto subsidio por lactancia beneficiar\u00e1 a miles de madres en RD"},"content":{"rendered":"<p align=\"JUSTIFY\">RD-SANTO DOMINGO- Miles de trabajadoras afiliadas al Sistema Dominicano de Seguridad Social (SDSS) ser\u00e1n beneficiadas a partir de este primero de diciembre con un aumento en el monto del subsidio por lactancia de un 25% a un 33% de sus salarios cotizables hasta el tope de un salario m\u00ednimo.<\/p>\n<p align=\"JUSTIFY\">Rafael P\u00e9rez Modesto, gerente general del Consejo Nacional de Seguridad Social (CNSS), valor\u00f3 la decisi\u00f3n del pleno de ese organismo y resalt\u00f3 que la medida es de gran importancia, ya que respalda a las madres lactantes, conforme su nivel de ingreso.<\/p>\n<p align=\"JUSTIFY\">\u201cEsta decisi\u00f3n forma parte de una serie de resoluciones que van en beneficios del afiliado y el fortalecimiento del Sistema. La resoluci\u00f3n 378-03 fue aprobada a unanimidad por el CNSS. La propuesta la realiz\u00f3 el sector gubernamental y fue impulsada por la Superintendencia de Salud y Riesgos Laborales (SISALRIL)\u201d, dijo.<\/p>\n<p align=\"JUSTIFY\">Resalt\u00f3 que la medida constituye un impulso y un respaldo a la pol\u00edtica que desarrolla el gobierno dominicano en la protecci\u00f3n de la primera infancia y a la mujer trabajadora.<\/p>\n","protected":false},"excerpt":{"rendered":"<p>RD-SANTO DOMINGO- Miles de trabajadoras afiliadas al Sistema Dominicano de Seguridad Social (SDSS) ser\u00e1n beneficiadas a partir de este primero de diciembre con un aumento en el monto del subsidio por lactancia de un 25% a un 33% de sus salarios cotizables hasta el tope de un salario m\u00ednimo. Rafael P\u00e9rez Modesto, gerente general del [&hellip;]<\/p>\n","protected":false},"author":8,"featured_media":34724,"comment_status":"open","ping_status":"open","sticky":false,"template":"","format":"standard","meta":{"footnotes":""},"categories":[63,44,45],"tags":[],"class_list":["post-34718","post","type-post","status-publish","format-standard","has-post-thumbnail","hentry","category-economia","category-republica-dominicana","category-salud"],"_links":{"self":[{"href":"https:\/\/2horizontes.com\/index.php?rest_route=\/wp\/v2\/posts\/34718","targetHints":{"allow":["GET"]}}],"collection":[{"href":"https:\/\/2horizontes.com\/index.php?rest_route=\/wp\/v2\/posts"}],"about":[{"href":"https:\/\/2horizontes.com\/index.php?rest_route=\/wp\/v2\/types\/post"}],"author":[{"embeddable":true,"href":"https:\/\/2horizontes.com\/index.php?rest_route=\/wp\/v2\/users\/8"}],"replies":[{"embeddable":true,"href":"https:\/\/2horizontes.com\/index.php?rest_route=%2Fwp%2Fv2%2Fcomments&post=34718"}],"version-history":[{"count":1,"href":"https:\/\/2horizontes.com\/index.php?rest_route=\/wp\/v2\/posts\/34718\/revisions"}],"predecessor-version":[{"id":34725,"href":"https:\/\/2horizontes.com\/index.php?rest_route=\/wp\/v2\/posts\/34718\/revisions\/34725"}],"wp:featuredmedia":[{"embeddable":true,"href":"https:\/\/2horizontes.com\/index.php?rest_route=\/wp\/v2\/media\/34724"}],"wp:attachment":[{"href":"https:\/\/2horizontes.com\/index.php?rest_route=%2Fwp%2Fv2%2Fmedia&parent=34718"}],"wp:term":[{"taxonomy":"category","embeddable":true,"href":"https:\/\/2horizontes.com\/index.php?rest_route=%2Fwp%2Fv2%2Fcategories&post=34718"},{"taxonomy":"post_tag","embeddable":true,"href":"https:\/\/2horizontes.com\/index.php?rest_route=%2Fwp%2Fv2%2Ftags&post=34718"}],"curies":[{"name":"wp","href":"https:\/\/api.w.org\/{rel}","templated":true}]}}