{"id":34711,"date":"2015-12-01T16:33:18","date_gmt":"2015-12-01T15:33:18","guid":{"rendered":"http:\/\/2horizontes.com\/?p=34711"},"modified":"2015-12-01T16:33:18","modified_gmt":"2015-12-01T15:33:18","slug":"la-obesidad-esta-en-el-cerebro-afirma-una-especialista","status":"publish","type":"post","link":"https:\/\/2horizontes.com\/?p=34711","title":{"rendered":"La obesidad est\u00e1 en el cerebro, afirma una especialista"},"content":{"rendered":"<div id=\"ArticleAuthorDiv\" class=\"article-body-author\"><b>EFE<\/b><\/div>\n<div id=\"ArticleSourceDiv\" class=\"article-body-author\"><b>Madrid<\/b><\/div>\n<div id=\"ArticleBody\">\n<p>Entre un 40 y un 70 por ciento de la obesidad tiene un componente gen\u00e9tico y a pesar de que siempre se ha relacionado con la parte media del cuerpo, una gran cantidad de los genes de esta enfermedad est\u00e1n relacionados con el cerebro que hace que estemos m\u00e1s o menos hambrientos o que dejemos de comer o no.<\/p>\n<p>\u00abLa obesidad est\u00e1 en el cerebro\u00bb, dijo la doctora Ruth Loos, directora del programa de metabolismo y gen\u00e9tica de la obesidad del Instituto de Medicina Personalizada Charles R. Bronfman de Nueva York, en un encuentro informativo con motivo del Simposio Internacional \u00abLo \u00faltimo en obesidad\u00bb.<\/p>\n<p>La experta explic\u00f3 que la investigaci\u00f3n actual tiende hacia el descubrimiento de nuevos genes para entender mejor la biolog\u00eda de la obesidad, \u00abqu\u00e9 es lo que nos hace obesos\u00bb, y as\u00ed poder dirigir los esfuerzos de manera m\u00e1s racional.<\/p>\n<p>Con la informaci\u00f3n disponible, no es posible todav\u00eda predecir de manera precisa qui\u00e9n va a ser o no obeso. De hecho, solo se puede predecir entre un 5 y un 20 % de la gen\u00e9tica de la obesidad, se\u00f1al\u00f3 Loos.<\/p>\n<p>El doctor Jos\u00e9 Mar\u00eda Ordov\u00e1s, director del laboratorio de Nutrici\u00f3n y Gen\u00e9tica de la Universidad de Tufts (Boston), subray\u00f3 que la obesidad no es un problema \u00fanico ni responde a un gen \u00fanico -de hecho, se conocen unos 200 genes asociados con esta patolog\u00eda-.<\/p>\n<p>Este experto en nutrici\u00f3n explic\u00f3 que existe un ambiente \u00abobesog\u00e9nico\u00bb en el que vivimos inmersos y al que estamos expuestos (cu\u00e1ndo se come, si se duerme m\u00e1s o menos, el estr\u00e9s, etc) y ha se\u00f1alado que su conocimiento es el \u00abtal\u00f3n de aquiles\u00bb, que \u00abde alguna manera\u00bb est\u00e1 entorpeciendo el avance de la investigaci\u00f3n.<\/p>\n<p>Ordov\u00e1s se\u00f1al\u00f3 que \u00abel di\u00e1logo que existe entre los genes y el medio ambiente en muchos casos se modula a trav\u00e9s de la epigen\u00e9tica\u00bb, como es el caso del riesgo que los beb\u00e9s puedan adquirir de ser obesos a trav\u00e9s de la alimentaci\u00f3n materna durante el embarazo, aunque es un campo a\u00fan incipiente.<\/p>\n<p>Tambi\u00e9n se refiri\u00f3 a la relaci\u00f3n entre la obesidad y el nivel socioecon\u00f3mico y educativo, de tal forma que individuos con un nivel alto y que tienen el gen FTO (el que est\u00e1 m\u00e1s relacionado con esta patolog\u00eda) no llegan a manifestarlo debido a que llevan a cabo unos h\u00e1bitos de vida saludable.<\/p>\n<p>Por su parte, el doctor Antonio Vidal-Puch, de la Universidad de Cambridge, precis\u00f3 que el problema de la obesidad no es el exceso de grasa que una persona tiene sino la cantidad de esta que llega a \u00f3rganos como el h\u00edgado, el m\u00fasculo o el cerebro que hace que no funcionen bien. Es lo que se conoce como \u00abs\u00edndrome metab\u00f3lico\u00bb.<\/p>\n<p>Este especialista se mostr\u00f3 en contra de pol\u00edticas de prevenci\u00f3n agresivas que \u00abestigmaticen\u00bb la obesidad, porque \u00abobeso no es el que quiere sino el que puede\u00bb.<\/p>\n<\/div>\n","protected":false},"excerpt":{"rendered":"<p>EFE Madrid Entre un 40 y un 70 por ciento de la obesidad tiene un componente gen\u00e9tico y a pesar de que siempre se ha relacionado con la parte media del cuerpo, una gran cantidad de los genes de esta enfermedad est\u00e1n relacionados con el cerebro que hace que estemos m\u00e1s o menos hambrientos o [&hellip;]<\/p>\n","protected":false},"author":7,"featured_media":34714,"comment_status":"open","ping_status":"open","sticky":false,"template":"","format":"standard","meta":{"footnotes":""},"categories":[85,86,40,45],"tags":[],"class_list":["post-34711","post","type-post","status-publish","format-standard","has-post-thumbnail","hentry","category-espana","category-europa","category-internacionales","category-salud"],"_links":{"self":[{"href":"https:\/\/2horizontes.com\/index.php?rest_route=\/wp\/v2\/posts\/34711","targetHints":{"allow":["GET"]}}],"collection":[{"href":"https:\/\/2horizontes.com\/index.php?rest_route=\/wp\/v2\/posts"}],"about":[{"href":"https:\/\/2horizontes.com\/index.php?rest_route=\/wp\/v2\/types\/post"}],"author":[{"embeddable":true,"href":"https:\/\/2horizontes.com\/index.php?rest_route=\/wp\/v2\/users\/7"}],"replies":[{"embeddable":true,"href":"https:\/\/2horizontes.com\/index.php?rest_route=%2Fwp%2Fv2%2Fcomments&post=34711"}],"version-history":[{"count":1,"href":"https:\/\/2horizontes.com\/index.php?rest_route=\/wp\/v2\/posts\/34711\/revisions"}],"predecessor-version":[{"id":34716,"href":"https:\/\/2horizontes.com\/index.php?rest_route=\/wp\/v2\/posts\/34711\/revisions\/34716"}],"wp:featuredmedia":[{"embeddable":true,"href":"https:\/\/2horizontes.com\/index.php?rest_route=\/wp\/v2\/media\/34714"}],"wp:attachment":[{"href":"https:\/\/2horizontes.com\/index.php?rest_route=%2Fwp%2Fv2%2Fmedia&parent=34711"}],"wp:term":[{"taxonomy":"category","embeddable":true,"href":"https:\/\/2horizontes.com\/index.php?rest_route=%2Fwp%2Fv2%2Fcategories&post=34711"},{"taxonomy":"post_tag","embeddable":true,"href":"https:\/\/2horizontes.com\/index.php?rest_route=%2Fwp%2Fv2%2Ftags&post=34711"}],"curies":[{"name":"wp","href":"https:\/\/api.w.org\/{rel}","templated":true}]}}