{"id":34656,"date":"2015-12-01T10:46:44","date_gmt":"2015-12-01T09:46:44","guid":{"rendered":"http:\/\/2horizontes.com\/?p=34656"},"modified":"2015-12-01T10:46:44","modified_gmt":"2015-12-01T09:46:44","slug":"majadahonda-se-llena-de-cultura-en-diciembre-y-enero","status":"publish","type":"post","link":"https:\/\/2horizontes.com\/?p=34656","title":{"rendered":"Majadahonda se llena de cultura en diciembre y enero"},"content":{"rendered":"<p>Chefs es una mirada divertida sobre el fascinante mundo de la gastronom\u00eda. Un chef de gran prestigio ha perdido la inspiraci\u00f3n y tiene que confiar en un disparatado equipo de cocineros para crear una receta espectacular y novedosa y as\u00ed mantener las estrellas de su restaurante.<\/p>\n<p>Hacemos un recorrido por distintas facetas del mundo de la cocina, como nuestra relaci\u00f3n con los alimentos que ingerimos, los animales que nos alimentan, las diferentes cocinas y sabores del mundo. Veremos los egos, la competici\u00f3n entre estos \u00abcocineros estrella\u00bb y todo lo que con mucho gusto va cayendo en la cazuela del humor de Yllana.<\/p>\n<p>Duraci\u00f3n: 80 min.<\/p>\n<p>Hora: 20:00 h.<\/p>\n<p>Lugar: Sal\u00f3n de Actos de la Casa de la cultura Carmen Conde<\/p>\n<p>Localidades: Planta Baja 15 \u20ac. Planta Alta 12 \u20ac<\/p>\n<p>(Espect\u00e1culo en colaboraci\u00f3n con la Red de Teatros de la Comunidad de Madrid)<\/p>\n<p>JUEVES 10. INAUGURACI\u00d3N DE LA EXPOSICI\u00d3N DE ACUARELAS DE \u00abFERNANDO JIM\u00c9NEZ GARC\u00cdA\u00bb<\/p>\n<p>Hora: 20:00 h.<\/p>\n<p>Lugar: Sala de Exposiciones \u00abANGELES SANTOS\u00bb de la Casa de la cultura \u00abCarmen Conde\u00bb<\/p>\n<p>Exposici\u00f3n abierta: hasta el 19 de diciembre de 2015.<\/p>\n<p>Horario de visita: De lunes a viernes de 10 a 14 y de 17 a 21 h. S\u00e1bados: De 10 a 13:30 h y de 17 a 20 h.<\/p>\n<p>ACCESO LIBRE<\/p>\n<p>S\u00c1BADO 12. MERCADO DE ARTESAN\u00cdA<\/p>\n<p>Hora: de 11 a 14 h.<\/p>\n<p>Lugar: Soportales del Ayuntamiento.<\/p>\n<p>Organiza: ASOMARTE (Asociaci\u00f3n de Artistas y Artesanos de Majadahonda)<\/p>\n<p>\u00d3PERA PARA P\u00daBLICO FAMILIAR: \u00abEL CASCANUECES\u00bb<\/p>\n<p>Compa\u00f1\u00eda: FERRO TEATRO<\/p>\n<p>Puesta en escena de la adaptaci\u00f3n a \u00f3pera para ni\u00f1os del cuento de Hoffmann y de la m\u00fasica que compuso, para el ballet del mismo nombre, el c\u00e9lebre Tchaikovsky.<\/p>\n<p>Sinopsis: Clara est\u00e1 feliz porque es su cumplea\u00f1os y ha quedado para celebrarlo con su hermano Fritz, su amiga Ana y su tio Drosselmeyer. Este \u00faltimo no aparece en la celebraci\u00f3n pero, en cambio, manda a Clara un extra\u00f1o regalo por el que la ni\u00f1a siente una pasi\u00f3n especial a primera vista: un mu\u00f1eco Cascanueces.<\/p>\n<p>Este es el punto de partida de un maravilloso sue\u00f1o en el que Cascanueces cobrar\u00e1 vida y acompa\u00f1ar\u00e1 a Clara en un viaje singular plagado de personajes singulares, un hada de algod\u00f3n de az\u00facar, una mu\u00f1eca rusa, un chinito mandar\u00edn y el desastroso Rey Rat\u00f3n acompa\u00f1ado de su secuaz Bot\u00f3n, a los que conseguir\u00e1n vencer ayudados por los ni\u00f1os y ni\u00f1as del p\u00fablico, verdaderos protagonistas de esta historia.<\/p>\n<p>Hora: 19:00 h.<\/p>\n<p>Lugar: Casa de la cultura CARMEN CONDE<\/p>\n<p>Localidades: Ni\u00f1os hasta 12 a\u00f1os: Planta baja 6 euros. Planta Alta: 4 euros. Adultos: Planta Baja: 10 euros. Planta alta: 8 euros.<\/p>\n<p>Edad recomendada: ni\u00f1osentre 4 y 12 a\u00f1os y p\u00fablico familiar.<\/p>\n<p>Duraci\u00f3n: 60 min.<\/p>\n<p>(Espect\u00e1culo en colaboraci\u00f3n con la Red de Teatros de la Comunidad de Madrid)<\/p>\n<p>VIERNES 18. XXVII ENCUENTRO DE m\u00fasica NAVIDE\u00d1A<\/p>\n<p>Actuaci\u00f3n de:<\/p>\n<p>CORO INFANTIL C.P. SANTA CATALINA de Majadahonda<\/p>\n<p>CORAL VILLA DE OD\u00d3N de Villaviciosa de Od\u00f3n<\/p>\n<p>CORO IES MAR\u00cdA GUERRERO de Collado Villalba<\/p>\n<p>Acompa\u00f1ados por la Coral Polif\u00f3nica \u00abENRIQUE GRANADOS\u00bb (Directora: Aiblin Brito)<\/p>\n<p>Hora: 20:00 h.<\/p>\n<p>Lugar: Teatro de la Casa de la cultura CARMEN CONDE<\/p>\n<p>(Organiza: Coral Polif\u00f3nica \u00abEnrique Granados\u00bb)<\/p>\n<p>ACCESO LIBRE, mediante invitaci\u00f3n, hasta completar aforo. Las invitaciones podr\u00e1n recogerse una hora antes del inicio del concierto en la cabina de informaci\u00f3n de la Casa de la cultura. Se entregar\u00e1n un m\u00e1ximo de dos invitaciones por persona.<\/p>\n<p>S\u00c1BADO 19. MERCADO DE ARTESAN\u00cdA<\/p>\n<p>Hora: de 11 a 14 h.<\/p>\n<p>Lugar: Soportales del Ayuntamiento.<\/p>\n<p>Organiza: ASOMARTE (Asociaci\u00f3n de Artistas y Artesanos de Majadahonda)<\/p>\n<p>Martes 22<\/p>\n<p>Concierto Navidad. Alumnos de la Escuela Municipal de m\u00fasica \u00abenrique granados\u00bb de Majadahonda<\/p>\n<p>Hora: 19:00 h<\/p>\n<p>Lugar: Casa de la cultura \u00abCarmen Conde\u00bb<\/p>\n<p>ACCESO LIBRE mediante invitaci\u00f3n hasta completar aforo. Las invitaciones podr\u00e1n recogerse una hora antes del inicio del concierto en la cabina de informaci\u00f3n de la Casa de la cultura. Se entregar\u00e1n un m\u00e1ximo de dos invitaciones por persona.<\/p>\n<p>S\u00c1BADO 26. GALA EXTRAORDINARIA DE Navidad.<\/p>\n<p>\u00abDE VIENA A Madrid (VALSES, POLKAS Y PRELUDIOS DE ZARZUELA)\u00bb<\/p>\n<p>ORQUESTA MARTIN i SOLER<\/p>\n<p>Director: Salvador Requena<\/p>\n<p>Este concierto nos trasportar\u00e1 al coraz\u00f3n de Viena y a su tradicional concierto de A\u00f1o Nuevo, gracias a la selecci\u00f3n de los mejores valses y polkas de la familia Strauss, entre los que no van a faltar \u00abEl Danubio Azul\u00bb y la \u00abMarcha Radetzky\u00bb. El toque castizo lo dar\u00e1n los preludios y fragmentos seleccionados de nuestro g\u00e9nero l\u00edrico, la Zarzuela.<\/p>\n<p>Hora: 20:00 h.<\/p>\n<p>Lugar: Sal\u00f3n de Actos de la Casa de la cultura CARMEN CONDE<\/p>\n<p>Localidades: Planta Baja 15 \u20ac Planta Alta 12 \u20ac<\/p>\n<p>(Espect\u00e1culo en colaboraci\u00f3n con la Red de Teatros de la Comunidad de Madrid)<\/p>\n","protected":false},"excerpt":{"rendered":"<p>Chefs es una mirada divertida sobre el fascinante mundo de la gastronom\u00eda. Un chef de gran prestigio ha perdido la inspiraci\u00f3n y tiene que confiar en un disparatado equipo de cocineros para crear una receta espectacular y novedosa y as\u00ed mantener las estrellas de su restaurante. Hacemos un recorrido por distintas facetas del mundo de [&hellip;]<\/p>\n","protected":false},"author":3,"featured_media":34657,"comment_status":"open","ping_status":"open","sticky":false,"template":"","format":"standard","meta":{"footnotes":""},"categories":[62,1,85],"tags":[],"class_list":["post-34656","post","type-post","status-publish","format-standard","has-post-thumbnail","hentry","category-cultura","category-entretenimiento","category-espana"],"_links":{"self":[{"href":"https:\/\/2horizontes.com\/index.php?rest_route=\/wp\/v2\/posts\/34656","targetHints":{"allow":["GET"]}}],"collection":[{"href":"https:\/\/2horizontes.com\/index.php?rest_route=\/wp\/v2\/posts"}],"about":[{"href":"https:\/\/2horizontes.com\/index.php?rest_route=\/wp\/v2\/types\/post"}],"author":[{"embeddable":true,"href":"https:\/\/2horizontes.com\/index.php?rest_route=\/wp\/v2\/users\/3"}],"replies":[{"embeddable":true,"href":"https:\/\/2horizontes.com\/index.php?rest_route=%2Fwp%2Fv2%2Fcomments&post=34656"}],"version-history":[{"count":1,"href":"https:\/\/2horizontes.com\/index.php?rest_route=\/wp\/v2\/posts\/34656\/revisions"}],"predecessor-version":[{"id":34658,"href":"https:\/\/2horizontes.com\/index.php?rest_route=\/wp\/v2\/posts\/34656\/revisions\/34658"}],"wp:featuredmedia":[{"embeddable":true,"href":"https:\/\/2horizontes.com\/index.php?rest_route=\/wp\/v2\/media\/34657"}],"wp:attachment":[{"href":"https:\/\/2horizontes.com\/index.php?rest_route=%2Fwp%2Fv2%2Fmedia&parent=34656"}],"wp:term":[{"taxonomy":"category","embeddable":true,"href":"https:\/\/2horizontes.com\/index.php?rest_route=%2Fwp%2Fv2%2Fcategories&post=34656"},{"taxonomy":"post_tag","embeddable":true,"href":"https:\/\/2horizontes.com\/index.php?rest_route=%2Fwp%2Fv2%2Ftags&post=34656"}],"curies":[{"name":"wp","href":"https:\/\/api.w.org\/{rel}","templated":true}]}}