{"id":34647,"date":"2015-12-01T10:25:27","date_gmt":"2015-12-01T09:25:27","guid":{"rendered":"http:\/\/2horizontes.com\/?p=34647"},"modified":"2015-12-01T10:25:27","modified_gmt":"2015-12-01T09:25:27","slug":"estuve-8-anos-amenazada-de-muerte-y-puedo-decir-que-soy-una-de-las-supervivientes-y-no-una-de-las-asesinadas","status":"publish","type":"post","link":"https:\/\/2horizontes.com\/?p=34647","title":{"rendered":"Estuve 8 a\u00f1os amenazada de muerte y puedo decir que soy una de las supervivientes y no una de las asesinadas"},"content":{"rendered":"<p>En Antena 3 Noticias nos acercan el testimonio de una madre e hija, supervivientes de la violencia de g\u00e9nero. Tras 21 a\u00f1os de malos tratos, un d\u00eda se levant\u00f3 y sali\u00f3 de su casa y los malos tratos. Su hija cuenta que \u00abal principio\u00bb no entend\u00eda a su madre porque \u00abcomo todas las madres, nos lo ocultaba, intentaba discutir bajito o cuando no est\u00e1bamos\u00bb.<\/p>\n<p>Ella sab\u00eda que \u00abel que se hac\u00eda llamar su padre era un maltratador\u00bb. \u00abNo era mi padre\u00bb, confiesa, \u00abun padre es el que te cuida, te protege, te ense\u00f1a cosas y \u00e9l no lo hac\u00eda\u00bb.<\/p>\n<p>Ella le preguntaba a su madre que \u00abporqu\u00e9 no se iban\u00bb. Ahora la madre, responde: \u00abcuantos errores he cometido\u00bb y, explica que, \u00abcre\u00eda que era inutil, que no era capaz de sacar a sus hijas adelante\u00bb, pero lo consigui\u00f3 y, gracias a ello, aunque piense que \u00absi hubiera dado el paso antes, de cu\u00e1ntas habr\u00eda librado a sus hijas\u00bb, hoy se siente \u00abm\u00e1s orgullosa que nadie\u00bb.<\/p>\n<p>Ella estuvo \u00ab8 a\u00f1os amenazada de muerte\u00bb y puede decir hoy, \u00aborgullosa\u00bb, que es \u00abuna de las supervivientes\u00bb y \u00abno una de las asesinadas\u00bb.<\/p>\n","protected":false},"excerpt":{"rendered":"<p>En Antena 3 Noticias nos acercan el testimonio de una madre e hija, supervivientes de la violencia de g\u00e9nero. Tras 21 a\u00f1os de malos tratos, un d\u00eda se levant\u00f3 y sali\u00f3 de su casa y los malos tratos. Su hija cuenta que \u00abal principio\u00bb no entend\u00eda a su madre porque \u00abcomo todas las madres, nos [&hellip;]<\/p>\n","protected":false},"author":3,"featured_media":34648,"comment_status":"open","ping_status":"open","sticky":false,"template":"","format":"standard","meta":{"footnotes":""},"categories":[85],"tags":[],"class_list":["post-34647","post","type-post","status-publish","format-standard","has-post-thumbnail","hentry","category-espana"],"_links":{"self":[{"href":"https:\/\/2horizontes.com\/index.php?rest_route=\/wp\/v2\/posts\/34647","targetHints":{"allow":["GET"]}}],"collection":[{"href":"https:\/\/2horizontes.com\/index.php?rest_route=\/wp\/v2\/posts"}],"about":[{"href":"https:\/\/2horizontes.com\/index.php?rest_route=\/wp\/v2\/types\/post"}],"author":[{"embeddable":true,"href":"https:\/\/2horizontes.com\/index.php?rest_route=\/wp\/v2\/users\/3"}],"replies":[{"embeddable":true,"href":"https:\/\/2horizontes.com\/index.php?rest_route=%2Fwp%2Fv2%2Fcomments&post=34647"}],"version-history":[{"count":1,"href":"https:\/\/2horizontes.com\/index.php?rest_route=\/wp\/v2\/posts\/34647\/revisions"}],"predecessor-version":[{"id":34649,"href":"https:\/\/2horizontes.com\/index.php?rest_route=\/wp\/v2\/posts\/34647\/revisions\/34649"}],"wp:featuredmedia":[{"embeddable":true,"href":"https:\/\/2horizontes.com\/index.php?rest_route=\/wp\/v2\/media\/34648"}],"wp:attachment":[{"href":"https:\/\/2horizontes.com\/index.php?rest_route=%2Fwp%2Fv2%2Fmedia&parent=34647"}],"wp:term":[{"taxonomy":"category","embeddable":true,"href":"https:\/\/2horizontes.com\/index.php?rest_route=%2Fwp%2Fv2%2Fcategories&post=34647"},{"taxonomy":"post_tag","embeddable":true,"href":"https:\/\/2horizontes.com\/index.php?rest_route=%2Fwp%2Fv2%2Ftags&post=34647"}],"curies":[{"name":"wp","href":"https:\/\/api.w.org\/{rel}","templated":true}]}}