{"id":34581,"date":"2015-11-30T17:37:06","date_gmt":"2015-11-30T16:37:06","guid":{"rendered":"http:\/\/2horizontes.com\/?p=34581"},"modified":"2015-11-30T17:37:06","modified_gmt":"2015-11-30T16:37:06","slug":"aumenta-a-12-los-muertos-en-accidente-de-dos-autobuses-en-higuey-rd","status":"publish","type":"post","link":"https:\/\/2horizontes.com\/?p=34581","title":{"rendered":"Aumenta a 12 los muertos en accidente de dos autobuses en Hig\u00fcey RD"},"content":{"rendered":"<p>RD- HIGUEY- Con la muerte de\u00a0 Gilbert Gabriel, de 23 a\u00f1os, aument\u00f3 a 12 el n\u00famero de v\u00edctimas mortales del accidente ocurrido la pasada semana en la carretera Hig\u00fcey-Ver\u00f3n, mientras siguen hospitalizados otros heridos.<\/p>\n<p>El joven, quien se manten\u00eda en Cuidados Intensivos, estaba conectado a un ventilador artificial, y presentaba un diagnosticado de trauma de cr\u00e1neo encef\u00e1lico severo.<\/p>\n<p>Gabriel era oriundo de Hig\u00fcey\u00a0 y sus restos son velados en la funeraria cooperativa Nazareth, donde amigos y familiares lloraron su partida.<\/p>\n<p>El choque de los dos autobuses tiene, hasta el momento, un saldo de doce muertos y decenas de heridos.<\/p>\n<p>Algunos de los pacientes, luego de ser atendidos en el hospital Nuestra Se\u00f1ora de la Altagracia y la cl\u00ednica Doctor Cedano\u00a0 de Hig\u00fcey, fueron trasladados al hospital Militar Ram\u00f3n de Lara, en Santo Domingo Este, donde mejoraban.<\/p>\n<p>Entre los atendidos se conoci\u00f3 el fin de semana la mejor\u00eda de Manuel Mart\u00ednez de la Cruz, de 43 a\u00f1os y Manuel Cayetano quienes fueron dados de alta, en tanto\u00a0 que con una leve mejor\u00eda era atenido, Leonardo Castro Arias, de 57 a\u00f1os.<\/p>\n","protected":false},"excerpt":{"rendered":"<p>RD- HIGUEY- Con la muerte de\u00a0 Gilbert Gabriel, de 23 a\u00f1os, aument\u00f3 a 12 el n\u00famero de v\u00edctimas mortales del accidente ocurrido la pasada semana en la carretera Hig\u00fcey-Ver\u00f3n, mientras siguen hospitalizados otros heridos. El joven, quien se manten\u00eda en Cuidados Intensivos, estaba conectado a un ventilador artificial, y presentaba un diagnosticado de trauma de [&hellip;]<\/p>\n","protected":false},"author":8,"featured_media":34575,"comment_status":"open","ping_status":"open","sticky":false,"template":"","format":"standard","meta":{"footnotes":""},"categories":[53,44,45],"tags":[],"class_list":["post-34581","post","type-post","status-publish","format-standard","has-post-thumbnail","hentry","category-provincias","category-republica-dominicana","category-salud"],"_links":{"self":[{"href":"https:\/\/2horizontes.com\/index.php?rest_route=\/wp\/v2\/posts\/34581","targetHints":{"allow":["GET"]}}],"collection":[{"href":"https:\/\/2horizontes.com\/index.php?rest_route=\/wp\/v2\/posts"}],"about":[{"href":"https:\/\/2horizontes.com\/index.php?rest_route=\/wp\/v2\/types\/post"}],"author":[{"embeddable":true,"href":"https:\/\/2horizontes.com\/index.php?rest_route=\/wp\/v2\/users\/8"}],"replies":[{"embeddable":true,"href":"https:\/\/2horizontes.com\/index.php?rest_route=%2Fwp%2Fv2%2Fcomments&post=34581"}],"version-history":[{"count":1,"href":"https:\/\/2horizontes.com\/index.php?rest_route=\/wp\/v2\/posts\/34581\/revisions"}],"predecessor-version":[{"id":34583,"href":"https:\/\/2horizontes.com\/index.php?rest_route=\/wp\/v2\/posts\/34581\/revisions\/34583"}],"wp:featuredmedia":[{"embeddable":true,"href":"https:\/\/2horizontes.com\/index.php?rest_route=\/wp\/v2\/media\/34575"}],"wp:attachment":[{"href":"https:\/\/2horizontes.com\/index.php?rest_route=%2Fwp%2Fv2%2Fmedia&parent=34581"}],"wp:term":[{"taxonomy":"category","embeddable":true,"href":"https:\/\/2horizontes.com\/index.php?rest_route=%2Fwp%2Fv2%2Fcategories&post=34581"},{"taxonomy":"post_tag","embeddable":true,"href":"https:\/\/2horizontes.com\/index.php?rest_route=%2Fwp%2Fv2%2Ftags&post=34581"}],"curies":[{"name":"wp","href":"https:\/\/api.w.org\/{rel}","templated":true}]}}