{"id":34538,"date":"2015-11-30T14:42:44","date_gmt":"2015-11-30T13:42:44","guid":{"rendered":"http:\/\/2horizontes.com\/?p=34538"},"modified":"2015-11-30T14:42:44","modified_gmt":"2015-11-30T13:42:44","slug":"al-menos-16-presos-muertos-en-un-motin-en-guatemala","status":"publish","type":"post","link":"https:\/\/2horizontes.com\/?p=34538","title":{"rendered":"Al menos 16 presos muertos en un mot\u00edn en Guatemala"},"content":{"rendered":"<div id=\"ArticleAuthorDiv\" class=\"article-body-author\"><b>EFE<\/b><\/div>\n<div id=\"ArticleSourceDiv\" class=\"article-body-author\"><b>Guatemala<\/b><\/div>\n<div id=\"ArticleBody\">\n<p>A 16 se elevan los presos muertos durante un mot\u00edn registrado el domingo en la Granja Penal Canad\u00e1, localizada en la costa sur de Guatemala, aunque la cifra podr\u00eda ser mayor, confirmaron hoy las autoridades.<\/p>\n<p>El portavoz del Sistema Penitenciario (SP), Rudy Esquivel, explic\u00f3 a periodistas que hasta ahora est\u00e1n confirmados 16 reos fallecidos en el enfrentamiento entre expandilleros con otros reclusos.<\/p>\n<p>Tambi\u00e9n lo confirm\u00f3 el Ministerio de Gobernaci\u00f3n (Interior) a trav\u00e9s de su cuenta oficial de twitter.<\/p>\n<p>Esquivel asegur\u00f3 que las fuerzas de seguridad se han hecho esta madrugada con el control de la prisi\u00f3n, situada a 59 kil\u00f3metros al sur de la capital, en el departamento de Escuintla.<\/p>\n<\/div>\n","protected":false},"excerpt":{"rendered":"<p>EFE Guatemala A 16 se elevan los presos muertos durante un mot\u00edn registrado el domingo en la Granja Penal Canad\u00e1, localizada en la costa sur de Guatemala, aunque la cifra podr\u00eda ser mayor, confirmaron hoy las autoridades. El portavoz del Sistema Penitenciario (SP), Rudy Esquivel, explic\u00f3 a periodistas que hasta ahora est\u00e1n confirmados 16 reos [&hellip;]<\/p>\n","protected":false},"author":7,"featured_media":34539,"comment_status":"open","ping_status":"open","sticky":false,"template":"","format":"standard","meta":{"footnotes":""},"categories":[40],"tags":[],"class_list":["post-34538","post","type-post","status-publish","format-standard","has-post-thumbnail","hentry","category-internacionales"],"_links":{"self":[{"href":"https:\/\/2horizontes.com\/index.php?rest_route=\/wp\/v2\/posts\/34538","targetHints":{"allow":["GET"]}}],"collection":[{"href":"https:\/\/2horizontes.com\/index.php?rest_route=\/wp\/v2\/posts"}],"about":[{"href":"https:\/\/2horizontes.com\/index.php?rest_route=\/wp\/v2\/types\/post"}],"author":[{"embeddable":true,"href":"https:\/\/2horizontes.com\/index.php?rest_route=\/wp\/v2\/users\/7"}],"replies":[{"embeddable":true,"href":"https:\/\/2horizontes.com\/index.php?rest_route=%2Fwp%2Fv2%2Fcomments&post=34538"}],"version-history":[{"count":1,"href":"https:\/\/2horizontes.com\/index.php?rest_route=\/wp\/v2\/posts\/34538\/revisions"}],"predecessor-version":[{"id":34541,"href":"https:\/\/2horizontes.com\/index.php?rest_route=\/wp\/v2\/posts\/34538\/revisions\/34541"}],"wp:featuredmedia":[{"embeddable":true,"href":"https:\/\/2horizontes.com\/index.php?rest_route=\/wp\/v2\/media\/34539"}],"wp:attachment":[{"href":"https:\/\/2horizontes.com\/index.php?rest_route=%2Fwp%2Fv2%2Fmedia&parent=34538"}],"wp:term":[{"taxonomy":"category","embeddable":true,"href":"https:\/\/2horizontes.com\/index.php?rest_route=%2Fwp%2Fv2%2Fcategories&post=34538"},{"taxonomy":"post_tag","embeddable":true,"href":"https:\/\/2horizontes.com\/index.php?rest_route=%2Fwp%2Fv2%2Ftags&post=34538"}],"curies":[{"name":"wp","href":"https:\/\/api.w.org\/{rel}","templated":true}]}}