{"id":34535,"date":"2015-11-30T14:37:02","date_gmt":"2015-11-30T13:37:02","guid":{"rendered":"http:\/\/2horizontes.com\/?p=34535"},"modified":"2015-11-30T14:37:02","modified_gmt":"2015-11-30T13:37:02","slug":"vaticano-comienza-hoy-a-interrogar-a-los-imputados-por-divulgar-secretos","status":"publish","type":"post","link":"https:\/\/2horizontes.com\/?p=34535","title":{"rendered":"Vaticano comienza hoy a interrogar a los imputados por divulgar secretos"},"content":{"rendered":"<div id=\"ArticleAuthorDiv\" class=\"article-body-author\"><b>EFE<\/b><\/div>\n<div id=\"ArticleSourceDiv\" class=\"article-body-author\"><b>Ciudad del Vaticano<\/b><\/div>\n<div id=\"ArticleBody\">\n<p>El Vaticano comenzar\u00e1 hoy a interrogar a los cinco imputados por el caso \u00abVatileaks 2\u00bb, la filtraci\u00f3n de secretos y documentos clasificados de la Santa Sede, y el primero en declarar ser\u00e1 el sacerdote espa\u00f1ol Lucio Vallejo.<\/p>\n<p>El resto de imputados son la ex relaciones p\u00fablicas italiana Francesca Chaouqui, el excolaborador del monse\u00f1or espa\u00f1ol, Nicola Maio, y los periodistas Gianluigi Nuzzi y Emiliano Fittipaldi, autores de los libros que publicaron los documentos confidenciales.<\/p>\n<p>El proceso por el \u00abrobo\u00bb de estos secretos, en palabras del papa Francisco, comenz\u00f3 el pasado martes y se prev\u00e9 que su desarrollo sea r\u00e1pido. Por el momento se celebrar\u00e1n audiencias todos los d\u00edas de la semana, una por la ma\u00f1ana y otra vespertina.<\/p>\n<p>El primero en responder a las preguntas del tribunal, presidido por Giuseppe Dalla Torre, ser\u00e1 Vallejo Balda, el \u00fanico de los imputados que permanece bajo prisi\u00f3n preventiva en la Gendarmer\u00eda vaticana desde el primero de noviembre.<\/p>\n<p>El espa\u00f1ol fue elegido por Francisco para dirigir la ya disuelta Comisi\u00f3n investigadora de los organismos econ\u00f3micos y administrativos de la Santa Sede (COSEA), de la que proceden la mayor parte de los documentos divulgados.<\/p>\n<p>La siguiente ser\u00e1 integrante de la COSEA Francesca Chaouqui, quien permaneci\u00f3 detenida junto a Vallejo durante algunas horas y posteriormente puesta en libertad por haber colaborado y estar embarazada.<\/p>\n<p>La acusada, de 32 a\u00f1os de edad, ha reivindicado en m\u00faltiples ocasiones su inocencia y no ha dudado en arremeter contra el espa\u00f1ol, a quien tilda en Facebook de \u00abpseudosacerdote\u00bb.<\/p>\n<p>Y es que la evoluci\u00f3n de este caso ha revelado la ac\u00e9rrima enemistad que compart\u00edan el monse\u00f1or espa\u00f1ol y la joven italiana, a quien Vallejo ya denunci\u00f3 ante la Secretar\u00eda de Estado vaticano el pasado 17 de julio en una carta publicada ayer por \u00abLa Repubblica\u00bb.<\/p>\n<p>En la misiva, dirigida al n\u00famero dos de la Santa Sede, Pietro Parol\u00edn, Vallejo lamentaba \u00abla evoluci\u00f3n tan tristemente problem\u00e1tica\u00bb de Chaouqui, pr\u00f3xima en su opini\u00f3n a \u00abambientes y problem\u00e1ticas importantes\u00bb.<\/p>\n<p>Por su parte la ex relaciones p\u00fablicas ha afirmado que fue Vallejo quien entreg\u00f3 los archivos de la COSEA a los periodistas y le ha acusado de orquestar junto a otras personas una campa\u00f1a de descr\u00e9dito contra ella.<\/p>\n<p>En cualquier caso el juicio ha comenzado envuelto en la pol\u00e9mica, ya que varios acusados han denunciado p\u00fablicamente que en el mismo no se respeta el derecho a la defensa ni la libertad de prensa, no amparada por las leyes vaticanas.<\/p>\n<p>Los imputados fueron informados horas antes de que diera comienzo el proceso de que solo podr\u00edan estar asistidos por un abogado acreditado ante la Santa Sede, lo que les oblig\u00f3 a prescindir de sus letrados de confianza y a aceptar los propuestos por el Vaticano.<\/p>\n<p>Por otro lado esta es la primera ocasi\u00f3n en la que dos periodistas son juzgados por la Santa Sede: se trata de Nuzzi y Fittipaldi, los respectivos autores de \u00abVia Crucis\u00bb y \u00abAvarizia\u00bb, que describen una serie de irregularidades en las cuentas curiales.<\/p>\n<p>La fiscal\u00eda vaticana les acusa de ejercer presiones sobre el resto de imputados para conseguir el material clasificado que incluyen en sus libros, si bien los dos periodistas han denunciado que el juicio supone una violaci\u00f3n a la libertad de prensa.<\/p>\n<p>Justifican sus publicaciones al alegar que por el momento el Vaticano no ha negado ninguna de los hechos que presentan y critican a las autoridades de su pa\u00eds, Italia, por no intervenir en su situaci\u00f3n de ciudadanos italianos juzgados en un Estado extranjero, el Vaticano.<\/p>\n<p>Sobre los imputados pesan los cargos de filtraci\u00f3n y publicaci\u00f3n de documentos reservados y el sacerdote espa\u00f1ol, Chaouqui y Maio est\u00e1n acusados adem\u00e1s de asociaci\u00f3n para la divulgaci\u00f3n de estos documentos.<\/p>\n<p>El C\u00f3digo de Derecho Can\u00f3nico establece penas de entre seis meses y dos a\u00f1os de prisi\u00f3n para quien se \u00abprocure ileg\u00edtimamente o revele noticias o documentos de los que est\u00e1 prohibida la divulgaci\u00f3n\u00bb.<\/p>\n<p>Este delito cuenta con un agravante en el caso de que dicha informaci\u00f3n fuera de \u00abinter\u00e9s fundamental o de relaciones diplom\u00e1ticas de la Santa Sede o del Estado\u00bb: de ser as\u00ed los imputados podr\u00edan recibir una condena de entre cuatro y ocho a\u00f1os.<\/p>\n<\/div>\n<div><\/div>\n<p>&nbsp;<\/p>\n","protected":false},"excerpt":{"rendered":"<p>EFE Ciudad del Vaticano El Vaticano comenzar\u00e1 hoy a interrogar a los cinco imputados por el caso \u00abVatileaks 2\u00bb, la filtraci\u00f3n de secretos y documentos clasificados de la Santa Sede, y el primero en declarar ser\u00e1 el sacerdote espa\u00f1ol Lucio Vallejo. El resto de imputados son la ex relaciones p\u00fablicas italiana Francesca Chaouqui, el excolaborador [&hellip;]<\/p>\n","protected":false},"author":7,"featured_media":34536,"comment_status":"open","ping_status":"open","sticky":false,"template":"","format":"standard","meta":{"footnotes":""},"categories":[86,40],"tags":[],"class_list":["post-34535","post","type-post","status-publish","format-standard","has-post-thumbnail","hentry","category-europa","category-internacionales"],"_links":{"self":[{"href":"https:\/\/2horizontes.com\/index.php?rest_route=\/wp\/v2\/posts\/34535","targetHints":{"allow":["GET"]}}],"collection":[{"href":"https:\/\/2horizontes.com\/index.php?rest_route=\/wp\/v2\/posts"}],"about":[{"href":"https:\/\/2horizontes.com\/index.php?rest_route=\/wp\/v2\/types\/post"}],"author":[{"embeddable":true,"href":"https:\/\/2horizontes.com\/index.php?rest_route=\/wp\/v2\/users\/7"}],"replies":[{"embeddable":true,"href":"https:\/\/2horizontes.com\/index.php?rest_route=%2Fwp%2Fv2%2Fcomments&post=34535"}],"version-history":[{"count":1,"href":"https:\/\/2horizontes.com\/index.php?rest_route=\/wp\/v2\/posts\/34535\/revisions"}],"predecessor-version":[{"id":34537,"href":"https:\/\/2horizontes.com\/index.php?rest_route=\/wp\/v2\/posts\/34535\/revisions\/34537"}],"wp:featuredmedia":[{"embeddable":true,"href":"https:\/\/2horizontes.com\/index.php?rest_route=\/wp\/v2\/media\/34536"}],"wp:attachment":[{"href":"https:\/\/2horizontes.com\/index.php?rest_route=%2Fwp%2Fv2%2Fmedia&parent=34535"}],"wp:term":[{"taxonomy":"category","embeddable":true,"href":"https:\/\/2horizontes.com\/index.php?rest_route=%2Fwp%2Fv2%2Fcategories&post=34535"},{"taxonomy":"post_tag","embeddable":true,"href":"https:\/\/2horizontes.com\/index.php?rest_route=%2Fwp%2Fv2%2Ftags&post=34535"}],"curies":[{"name":"wp","href":"https:\/\/api.w.org\/{rel}","templated":true}]}}