{"id":34487,"date":"2015-11-30T09:48:01","date_gmt":"2015-11-30T08:48:01","guid":{"rendered":"http:\/\/2horizontes.com\/?p=34487"},"modified":"2015-11-30T09:48:01","modified_gmt":"2015-11-30T08:48:01","slug":"un-ano-despues-de-la-muerte-de-jimmy-sus-amigos-siguen-pidiendo-justicia","status":"publish","type":"post","link":"https:\/\/2horizontes.com\/?p=34487","title":{"rendered":"Un a\u00f1o despu\u00e9s de la muerte de Jimmy, sus amigos siguen pidiendo justicia"},"content":{"rendered":"<p>Un a\u00f1o despu\u00e9s de la muerte del hincha del Deportivo Francisco Javier Romero, &#8216;Jimmy&#8217;, en una reyerta entre ultras de Frente Atl\u00e9tico y Riazor Blues en Madrid R\u00edo, sus amigos coru\u00f1eses siguen pidiendo justicia.<\/p>\n<p>Lo hicieron hace unas semanas en las puertas del Juzgado de La Coru\u00f1a, a los que acudi\u00f3 a declarar Santiago, el otro miembro de los Riazor Blues que cay\u00f3 al r\u00edo junto al fallecido, y lo repetir\u00e1n ma\u00f1ana en la serie de actos que han programado para homenajear a Jimmy.<\/p>\n<p>Como cada d\u00eda 30, se reunir\u00e1n en torno a la Torre de Marathon, una vetusta construcci\u00f3n heredada del anterior dise\u00f1o del estadio de Riazor, a los pies de la cual se encienden las velas que recuerdan a Jimmy.<\/p>\n<p>Su rostro est\u00e1 pintado en una de las fachadas de la torre, separada tan solo unos metros del acceso que sol\u00eda emplear Jimmy para acudir a los partidos del Deportivo en Riazor.<\/p>\n","protected":false},"excerpt":{"rendered":"<p>Un a\u00f1o despu\u00e9s de la muerte del hincha del Deportivo Francisco Javier Romero, &#8216;Jimmy&#8217;, en una reyerta entre ultras de Frente Atl\u00e9tico y Riazor Blues en Madrid R\u00edo, sus amigos coru\u00f1eses siguen pidiendo justicia. Lo hicieron hace unas semanas en las puertas del Juzgado de La Coru\u00f1a, a los que acudi\u00f3 a declarar Santiago, el [&hellip;]<\/p>\n","protected":false},"author":3,"featured_media":34488,"comment_status":"open","ping_status":"open","sticky":false,"template":"","format":"standard","meta":{"footnotes":""},"categories":[85],"tags":[],"class_list":["post-34487","post","type-post","status-publish","format-standard","has-post-thumbnail","hentry","category-espana"],"_links":{"self":[{"href":"https:\/\/2horizontes.com\/index.php?rest_route=\/wp\/v2\/posts\/34487","targetHints":{"allow":["GET"]}}],"collection":[{"href":"https:\/\/2horizontes.com\/index.php?rest_route=\/wp\/v2\/posts"}],"about":[{"href":"https:\/\/2horizontes.com\/index.php?rest_route=\/wp\/v2\/types\/post"}],"author":[{"embeddable":true,"href":"https:\/\/2horizontes.com\/index.php?rest_route=\/wp\/v2\/users\/3"}],"replies":[{"embeddable":true,"href":"https:\/\/2horizontes.com\/index.php?rest_route=%2Fwp%2Fv2%2Fcomments&post=34487"}],"version-history":[{"count":1,"href":"https:\/\/2horizontes.com\/index.php?rest_route=\/wp\/v2\/posts\/34487\/revisions"}],"predecessor-version":[{"id":34489,"href":"https:\/\/2horizontes.com\/index.php?rest_route=\/wp\/v2\/posts\/34487\/revisions\/34489"}],"wp:featuredmedia":[{"embeddable":true,"href":"https:\/\/2horizontes.com\/index.php?rest_route=\/wp\/v2\/media\/34488"}],"wp:attachment":[{"href":"https:\/\/2horizontes.com\/index.php?rest_route=%2Fwp%2Fv2%2Fmedia&parent=34487"}],"wp:term":[{"taxonomy":"category","embeddable":true,"href":"https:\/\/2horizontes.com\/index.php?rest_route=%2Fwp%2Fv2%2Fcategories&post=34487"},{"taxonomy":"post_tag","embeddable":true,"href":"https:\/\/2horizontes.com\/index.php?rest_route=%2Fwp%2Fv2%2Ftags&post=34487"}],"curies":[{"name":"wp","href":"https:\/\/api.w.org\/{rel}","templated":true}]}}