{"id":34478,"date":"2015-11-28T18:47:01","date_gmt":"2015-11-28T17:47:01","guid":{"rendered":"http:\/\/2horizontes.com\/?p=34478"},"modified":"2015-11-28T18:47:01","modified_gmt":"2015-11-28T17:47:01","slug":"santiago-rd-nuevo-jefe-pn-general-neivis-perez-sanchez","status":"publish","type":"post","link":"https:\/\/2horizontes.com\/?p=34478","title":{"rendered":"Santiago RD nuevo jefe PN general Neivis P\u00e9rez S\u00e1nchez"},"content":{"rendered":"<p>RD-SANTIAGO &#8211; El general de brigada Neivis P\u00e9rez S\u00e1nchez qued\u00f3 designado como director regional del Cibao Central con asiento en Santiago, en sustituci\u00f3n del general de brigada Eduardo Alberto Then.<\/p>\n<p>Alberto Then fue designado como director general del Cibao Sur, con asiento en Bonao, en sustituci\u00f3n del general de brigada Manuel Rodr\u00edguez Miranda.<\/p>\n<p>Ambas designaciones fueron ordenadas por el jefe de la Polic\u00eda Nacional, Nelson Peguero Paredes y son efectivas al 25 de noviembre pasado.<\/p>\n","protected":false},"excerpt":{"rendered":"<p>RD-SANTIAGO &#8211; El general de brigada Neivis P\u00e9rez S\u00e1nchez qued\u00f3 designado como director regional del Cibao Central con asiento en Santiago, en sustituci\u00f3n del general de brigada Eduardo Alberto Then. Alberto Then fue designado como director general del Cibao Sur, con asiento en Bonao, en sustituci\u00f3n del general de brigada Manuel Rodr\u00edguez Miranda. Ambas designaciones [&hellip;]<\/p>\n","protected":false},"author":8,"featured_media":34479,"comment_status":"open","ping_status":"open","sticky":false,"template":"","format":"standard","meta":{"footnotes":""},"categories":[53,44],"tags":[],"class_list":["post-34478","post","type-post","status-publish","format-standard","has-post-thumbnail","hentry","category-provincias","category-republica-dominicana"],"_links":{"self":[{"href":"https:\/\/2horizontes.com\/index.php?rest_route=\/wp\/v2\/posts\/34478","targetHints":{"allow":["GET"]}}],"collection":[{"href":"https:\/\/2horizontes.com\/index.php?rest_route=\/wp\/v2\/posts"}],"about":[{"href":"https:\/\/2horizontes.com\/index.php?rest_route=\/wp\/v2\/types\/post"}],"author":[{"embeddable":true,"href":"https:\/\/2horizontes.com\/index.php?rest_route=\/wp\/v2\/users\/8"}],"replies":[{"embeddable":true,"href":"https:\/\/2horizontes.com\/index.php?rest_route=%2Fwp%2Fv2%2Fcomments&post=34478"}],"version-history":[{"count":1,"href":"https:\/\/2horizontes.com\/index.php?rest_route=\/wp\/v2\/posts\/34478\/revisions"}],"predecessor-version":[{"id":34480,"href":"https:\/\/2horizontes.com\/index.php?rest_route=\/wp\/v2\/posts\/34478\/revisions\/34480"}],"wp:featuredmedia":[{"embeddable":true,"href":"https:\/\/2horizontes.com\/index.php?rest_route=\/wp\/v2\/media\/34479"}],"wp:attachment":[{"href":"https:\/\/2horizontes.com\/index.php?rest_route=%2Fwp%2Fv2%2Fmedia&parent=34478"}],"wp:term":[{"taxonomy":"category","embeddable":true,"href":"https:\/\/2horizontes.com\/index.php?rest_route=%2Fwp%2Fv2%2Fcategories&post=34478"},{"taxonomy":"post_tag","embeddable":true,"href":"https:\/\/2horizontes.com\/index.php?rest_route=%2Fwp%2Fv2%2Ftags&post=34478"}],"curies":[{"name":"wp","href":"https:\/\/api.w.org\/{rel}","templated":true}]}}