{"id":34433,"date":"2015-11-28T13:07:03","date_gmt":"2015-11-28T12:07:03","guid":{"rendered":"http:\/\/2horizontes.com\/?p=34433"},"modified":"2015-11-28T13:07:03","modified_gmt":"2015-11-28T12:07:03","slug":"ankara-suspende-vuelos-militares-sobre-cielo-sirio","status":"publish","type":"post","link":"https:\/\/2horizontes.com\/?p=34433","title":{"rendered":"Ankara suspende vuelos militares sobre cielo sirio"},"content":{"rendered":"<div id=\"ArticleAuthorDiv\" class=\"article-body-author\"><b>EFE<\/b><\/div>\n<div id=\"ArticleSourceDiv\" class=\"article-body-author\"><b>Estambul<\/b><\/div>\n<div id=\"ArticleBody\">\n<p>Las autoridades turcas han suspendido temporalmente los vuelos militares sobre Siria para atacar posiciones del Estado Isl\u00e1mico (EI), debido a la tensi\u00f3n creada por el derribo de un caza ruso, inform\u00f3 ayer el diario turco \u201cHu\u00a8rriyet\u201d.<\/p>\n<p>En una decisi\u00f3n tomada de mutuo acuerdo, Rusia dejar\u00e1 de volar cerca de la frontera turco-siria y Turqu\u00eda \u201cha suspendido de forma temporal\u201d sus vuelos sobre Siria destinados a combatir el EI, informaron fuentes an\u00f3nimas al citado peri\u00f3dico.<\/p>\n<p>Mosc\u00fa y Ankara observar\u00e1n la mayor prudencia hasta que se vuelva a establecer un canal de di\u00e1logo para reducir la tensi\u00f3n, agreg\u00f3 \u201cHu\u00a8rriyet\u201d. No est\u00e1 claro el alcance pr\u00e1ctico de la decisi\u00f3n, dado que no se ha dado a conocer la frecuencia con la que aviones turcos suelen entrar en espacio a\u00e9reo sirio.<\/p>\n<p>Ankara anunci\u00f3 el 29 de agosto la participaci\u00f3n de cazas turcos en las operaciones a\u00e9reas de la Coalici\u00f3n antiyihadista encabezada por Estados Unidos.<\/p>\n<p>Pero desde entonces no ha ofrecido m\u00e1s informaci\u00f3n, exceptuando un amplio ataque el 1 de noviembre pasado contra posiciones del EI cerca de la frontera turca y apoyado desde tierra por una milicia turcomana aliada con Turqu\u00eda.<\/p>\n<p>Rusia anunci\u00f3 este viernes que impondr\u00e1 la necesidad de que los ciudadanos de Turqu\u00eda que deseen entrar al pa\u00eds tenga visa.<\/p>\n<p>Esta medida regir\u00e1 desde el 1 de enero de 2016.<\/p>\n<p>El canciller ruso, Serguei Lavrov, ya hab\u00eda recomendado a los rusos que no viajen a Turqu\u00eda y \u2014a quienes estaban ah\u00ed\u2014 que regresen cuanto antes. El motivo, aclar\u00f3, es la latente amenaza terrorista en el pa\u00eds.<\/p>\n<\/div>\n","protected":false},"excerpt":{"rendered":"<p>EFE Estambul Las autoridades turcas han suspendido temporalmente los vuelos militares sobre Siria para atacar posiciones del Estado Isl\u00e1mico (EI), debido a la tensi\u00f3n creada por el derribo de un caza ruso, inform\u00f3 ayer el diario turco \u201cHu\u00a8rriyet\u201d. En una decisi\u00f3n tomada de mutuo acuerdo, Rusia dejar\u00e1 de volar cerca de la frontera turco-siria y [&hellip;]<\/p>\n","protected":false},"author":7,"featured_media":34434,"comment_status":"open","ping_status":"open","sticky":false,"template":"","format":"standard","meta":{"footnotes":""},"categories":[40,43],"tags":[],"class_list":["post-34433","post","type-post","status-publish","format-standard","has-post-thumbnail","hentry","category-internacionales","category-politica"],"_links":{"self":[{"href":"https:\/\/2horizontes.com\/index.php?rest_route=\/wp\/v2\/posts\/34433","targetHints":{"allow":["GET"]}}],"collection":[{"href":"https:\/\/2horizontes.com\/index.php?rest_route=\/wp\/v2\/posts"}],"about":[{"href":"https:\/\/2horizontes.com\/index.php?rest_route=\/wp\/v2\/types\/post"}],"author":[{"embeddable":true,"href":"https:\/\/2horizontes.com\/index.php?rest_route=\/wp\/v2\/users\/7"}],"replies":[{"embeddable":true,"href":"https:\/\/2horizontes.com\/index.php?rest_route=%2Fwp%2Fv2%2Fcomments&post=34433"}],"version-history":[{"count":1,"href":"https:\/\/2horizontes.com\/index.php?rest_route=\/wp\/v2\/posts\/34433\/revisions"}],"predecessor-version":[{"id":34435,"href":"https:\/\/2horizontes.com\/index.php?rest_route=\/wp\/v2\/posts\/34433\/revisions\/34435"}],"wp:featuredmedia":[{"embeddable":true,"href":"https:\/\/2horizontes.com\/index.php?rest_route=\/wp\/v2\/media\/34434"}],"wp:attachment":[{"href":"https:\/\/2horizontes.com\/index.php?rest_route=%2Fwp%2Fv2%2Fmedia&parent=34433"}],"wp:term":[{"taxonomy":"category","embeddable":true,"href":"https:\/\/2horizontes.com\/index.php?rest_route=%2Fwp%2Fv2%2Fcategories&post=34433"},{"taxonomy":"post_tag","embeddable":true,"href":"https:\/\/2horizontes.com\/index.php?rest_route=%2Fwp%2Fv2%2Ftags&post=34433"}],"curies":[{"name":"wp","href":"https:\/\/api.w.org\/{rel}","templated":true}]}}