{"id":34430,"date":"2015-11-28T13:03:35","date_gmt":"2015-11-28T12:03:35","guid":{"rendered":"http:\/\/2horizontes.com\/?p=34430"},"modified":"2015-11-28T13:03:35","modified_gmt":"2015-11-28T12:03:35","slug":"ventas-navidenas-comienzan-cada-vez-mas-temprano-en-ee-uu","status":"publish","type":"post","link":"https:\/\/2horizontes.com\/?p=34430","title":{"rendered":"Ventas navide\u00f1as comienzan cada vez m\u00e1s temprano en EE.UU."},"content":{"rendered":"<div id=\"ArticleAuthorDiv\" class=\"article-body-author\"><b>AP<\/b><\/div>\n<div id=\"ArticleSourceDiv\" class=\"article-body-author\"><b>Nueva York<\/b><\/div>\n<div id=\"ArticleBody\">\n<p>El Viernes Negro sol\u00eda ser el arranque de la temporada navide\u00f1a de compras, pero ahora el jueves, cuando se celebra el D\u00eda de Acci\u00f3n de Gracias, est\u00e1 usurpando la largada. Aun as\u00ed, las tiendas minoristas est\u00e1n adoptando horarios que no interfieran con el fest\u00edn de pavo.<\/p>\n<p>Tras abrir cada vez m\u00e1s temprano en el feriado, este a\u00f1o gigantes como Macy&#8217;s, Target y Kohl&#8217;s planeaban abrir a las 5 p.m. o las 6 p.m. el jueves de Acci\u00f3n de Gracias.<\/p>\n<p>La excepci\u00f3n es J.C. Penney, que planeaba abrir a las 3 p.m. Staples decidi\u00f3 cerrar en el feriado. Y la cadena REI, que siempre cerr\u00f3 en Acci\u00f3n de Gracias, va a cerrar tambi\u00e9n el Viernes Negro. Pero las tiendas no est\u00e1n esperando para lanzar descuentos hasta el fin de semana oficial.<\/p>\n<p>Cada vez m\u00e1s, comienzan con descuentos desde inicios del mes. De acuerdo con la Federaci\u00f3n Nacional Minorista, el mayor grupo del sector, casi 60% de los compradores navide\u00f1os comienzan sus compras desde el 10 de noviembre.<\/p>\n<p>Eso deber\u00e1 quitarles impulso a las ventas el fin de semana, aunque el Viernes Negro sigue siendo el n\u00famero 1 o 2 en ventas del a\u00f1o. Se le llama Viernes Negro porque es el d\u00eda en que tradicionalmente los negocios salen de n\u00fameros rojos.<\/p>\n<p>La federaci\u00f3n minorista estima que unos 135,8 millones de personas van a estar de compras este fin de semana, comparado con 133,7 millones el a\u00f1o pasado. La organizaci\u00f3n espera que unos 30 millones vayan de compras el D\u00eda de Acci\u00f3n de Gracias, comparado con 99,7 millones el Viernes Negro.<\/p>\n<p>El grupo espera un incremento de 3,7% a 630.500 millones de d\u00f3lares, aunque el crecimiento es mucho m\u00e1s alto que el promedio para 10 a\u00f1os, 2,5%.<\/p>\n<p>Pero atraer esos d\u00f3lares va a ser dif\u00edcil. Aunque la econom\u00eda en general ha estado mejorando, los consumidores siguen cautelosos. La tasa de desempleo se ha asentado en un saludable 5%, pero muchos lidian a\u00fan con salarios que no han subido al mismo ritmo que costos b\u00e1sicos, como el alquiler. Las tiendas lidian adem\u00e1s con cada vez m\u00e1s compras por internet.<\/p>\n<p>En respuesta a esa tendencia, Wal-Mart y Target ofrecieron el jueves en tiendas los descuentos disponibles en internet el Viernes Negro. Lo nuevo este a\u00f1o en Target es que quien gaste 75 d\u00f3lares o m\u00e1s el viernes recibir\u00edan un descuento de 20% para uso en futuras compras entre el 4 y el 13 de diciembre.<\/p>\n<p>Saks Fifth Avenue adelant\u00f3 sus rebajas del Viernes Negro para el mi\u00e9rcoles para arrancar temprano su temporada. Gerald Storch, director ejecutivo de Hudson&#8217;s Bay Company, que opera adem\u00e1s Lord &amp; Taylor, dijo que las baratas son a\u00fan mayores que el a\u00f1o pasado e incluyen una tarjeta de 75 d\u00f3lares con una compra de 150 d\u00f3lares en la tienda.<\/p>\n<p>Storch dijo a The Associated Press que la cadena de tiendas de lujo ponder\u00f3, aunque rechaz\u00f3 despu\u00e9s, abrir el jueves, pero aun as\u00ed quer\u00eda ofrecer algo bueno a sus usuarios.<\/p>\n<p>\u00abEs una alternativa calmada al Viernes Negro\u00bb, dijo Storch, refiri\u00e9ndose a las ventas del mi\u00e9rcoles.<\/p>\n<\/div>\n","protected":false},"excerpt":{"rendered":"<p>AP Nueva York El Viernes Negro sol\u00eda ser el arranque de la temporada navide\u00f1a de compras, pero ahora el jueves, cuando se celebra el D\u00eda de Acci\u00f3n de Gracias, est\u00e1 usurpando la largada. Aun as\u00ed, las tiendas minoristas est\u00e1n adoptando horarios que no interfieran con el fest\u00edn de pavo. Tras abrir cada vez m\u00e1s temprano [&hellip;]<\/p>\n","protected":false},"author":7,"featured_media":34431,"comment_status":"open","ping_status":"open","sticky":false,"template":"","format":"standard","meta":{"footnotes":""},"categories":[1,40],"tags":[],"class_list":["post-34430","post","type-post","status-publish","format-standard","has-post-thumbnail","hentry","category-entretenimiento","category-internacionales"],"_links":{"self":[{"href":"https:\/\/2horizontes.com\/index.php?rest_route=\/wp\/v2\/posts\/34430","targetHints":{"allow":["GET"]}}],"collection":[{"href":"https:\/\/2horizontes.com\/index.php?rest_route=\/wp\/v2\/posts"}],"about":[{"href":"https:\/\/2horizontes.com\/index.php?rest_route=\/wp\/v2\/types\/post"}],"author":[{"embeddable":true,"href":"https:\/\/2horizontes.com\/index.php?rest_route=\/wp\/v2\/users\/7"}],"replies":[{"embeddable":true,"href":"https:\/\/2horizontes.com\/index.php?rest_route=%2Fwp%2Fv2%2Fcomments&post=34430"}],"version-history":[{"count":1,"href":"https:\/\/2horizontes.com\/index.php?rest_route=\/wp\/v2\/posts\/34430\/revisions"}],"predecessor-version":[{"id":34432,"href":"https:\/\/2horizontes.com\/index.php?rest_route=\/wp\/v2\/posts\/34430\/revisions\/34432"}],"wp:featuredmedia":[{"embeddable":true,"href":"https:\/\/2horizontes.com\/index.php?rest_route=\/wp\/v2\/media\/34431"}],"wp:attachment":[{"href":"https:\/\/2horizontes.com\/index.php?rest_route=%2Fwp%2Fv2%2Fmedia&parent=34430"}],"wp:term":[{"taxonomy":"category","embeddable":true,"href":"https:\/\/2horizontes.com\/index.php?rest_route=%2Fwp%2Fv2%2Fcategories&post=34430"},{"taxonomy":"post_tag","embeddable":true,"href":"https:\/\/2horizontes.com\/index.php?rest_route=%2Fwp%2Fv2%2Ftags&post=34430"}],"curies":[{"name":"wp","href":"https:\/\/api.w.org\/{rel}","templated":true}]}}