{"id":34344,"date":"2015-11-27T21:53:07","date_gmt":"2015-11-27T20:53:07","guid":{"rendered":"http:\/\/2horizontes.com\/?p=34344"},"modified":"2015-11-27T21:53:07","modified_gmt":"2015-11-27T20:53:07","slug":"muere-haitiano-encontrado-acuchillado-en-un-basurero-rd","status":"publish","type":"post","link":"https:\/\/2horizontes.com\/?p=34344","title":{"rendered":"Muere haitiano encontrado acuchillado en un basurero RD"},"content":{"rendered":"<p>RD-SANTIAGO-Falleci\u00f3 mientras era atendido en el hospital regional Jos\u00e9 Mar\u00eda Cabral y B\u00e1ez, de la ciudad de Santiago, un nacional haitiano que fue encontrado herido en un basurero de Esperanza, Valverde.<\/p>\n<p>De acuerdo a lo informado por la Polic\u00eda, el hombre de nacionalidad haitiana, que se desconoce su identidad, fue encontrado en estado ag\u00f3nico en un basurero del sector Batey Dos de esa poblaci\u00f3n, presentando herida de arma blanca a nivel de la traquea.<\/p>\n<p>El hoy occiso recibi\u00f3 las primeras atenciones en el hospital municipal de Esperanza, de donde fue referido al centro de salud antes mencionado, donde falleci\u00f3.<\/p>\n<p>La Polic\u00eda\u00a0inform\u00f3 que con relaci\u00f3n a este hecho, para fines de investigaci\u00f3n se encuentran detenido seis nacionales haitianos.<\/p>\n<p>&nbsp;<\/p>\n","protected":false},"excerpt":{"rendered":"<p>RD-SANTIAGO-Falleci\u00f3 mientras era atendido en el hospital regional Jos\u00e9 Mar\u00eda Cabral y B\u00e1ez, de la ciudad de Santiago, un nacional haitiano que fue encontrado herido en un basurero de Esperanza, Valverde. De acuerdo a lo informado por la Polic\u00eda, el hombre de nacionalidad haitiana, que se desconoce su identidad, fue encontrado en estado ag\u00f3nico en [&hellip;]<\/p>\n","protected":false},"author":8,"featured_media":34348,"comment_status":"open","ping_status":"open","sticky":false,"template":"","format":"standard","meta":{"footnotes":""},"categories":[53,44,45],"tags":[],"class_list":["post-34344","post","type-post","status-publish","format-standard","has-post-thumbnail","hentry","category-provincias","category-republica-dominicana","category-salud"],"_links":{"self":[{"href":"https:\/\/2horizontes.com\/index.php?rest_route=\/wp\/v2\/posts\/34344","targetHints":{"allow":["GET"]}}],"collection":[{"href":"https:\/\/2horizontes.com\/index.php?rest_route=\/wp\/v2\/posts"}],"about":[{"href":"https:\/\/2horizontes.com\/index.php?rest_route=\/wp\/v2\/types\/post"}],"author":[{"embeddable":true,"href":"https:\/\/2horizontes.com\/index.php?rest_route=\/wp\/v2\/users\/8"}],"replies":[{"embeddable":true,"href":"https:\/\/2horizontes.com\/index.php?rest_route=%2Fwp%2Fv2%2Fcomments&post=34344"}],"version-history":[{"count":1,"href":"https:\/\/2horizontes.com\/index.php?rest_route=\/wp\/v2\/posts\/34344\/revisions"}],"predecessor-version":[{"id":34349,"href":"https:\/\/2horizontes.com\/index.php?rest_route=\/wp\/v2\/posts\/34344\/revisions\/34349"}],"wp:featuredmedia":[{"embeddable":true,"href":"https:\/\/2horizontes.com\/index.php?rest_route=\/wp\/v2\/media\/34348"}],"wp:attachment":[{"href":"https:\/\/2horizontes.com\/index.php?rest_route=%2Fwp%2Fv2%2Fmedia&parent=34344"}],"wp:term":[{"taxonomy":"category","embeddable":true,"href":"https:\/\/2horizontes.com\/index.php?rest_route=%2Fwp%2Fv2%2Fcategories&post=34344"},{"taxonomy":"post_tag","embeddable":true,"href":"https:\/\/2horizontes.com\/index.php?rest_route=%2Fwp%2Fv2%2Ftags&post=34344"}],"curies":[{"name":"wp","href":"https:\/\/api.w.org\/{rel}","templated":true}]}}