{"id":34231,"date":"2015-11-26T16:07:03","date_gmt":"2015-11-26T15:07:03","guid":{"rendered":"http:\/\/2horizontes.com\/?p=34231"},"modified":"2015-11-26T16:07:03","modified_gmt":"2015-11-26T15:07:03","slug":"bebe-de-un-ano-muere-quemado-en-su-vivienda-en-santiago-rd","status":"publish","type":"post","link":"https:\/\/2horizontes.com\/?p=34231","title":{"rendered":"Bebe de un a\u00f1o muere quemado en su vivienda en Santiago RD"},"content":{"rendered":"<p>RD- SANTIAGO-Un ni\u00f1o de un a\u00f1o de edad muri\u00f3 calcinado al incendiarse la vivienda en la que resid\u00eda con sus padres.<\/p>\n<p>La tragedia donde muri\u00f3 el infante, identificado como Yermi P\u00e9rez, ocurri\u00f3 en el barrio La Uni\u00f3n, del sector Cienfuegos, en Santiago.<\/p>\n<p>Hasta el momento, las autoridades no han establecido las causas del siniestro ocurrido en la madrugada del jueves.<\/p>\n<p>En otro hecho,\u00a0fue identificado como el obrero Catalino S\u00e1nchez de 48 a\u00f1os de edad, quien resid\u00eda en Sos\u00faa, la persona que esta noche falleci\u00f3 en un accidente de tr\u00e1nsito registrado en la carretera Puerto Plata, Playa Dorada, tramo Marapica.<\/p>\n<p>El triple accidente ocurri\u00f3 entre los conductores de un carro de la ruta Puerto Plata- Sos\u00faa, un minib\u00fas y una motocicleta donde viajaba la v\u00edctima.<\/p>\n<p>&nbsp;<\/p>\n","protected":false},"excerpt":{"rendered":"<p>RD- SANTIAGO-Un ni\u00f1o de un a\u00f1o de edad muri\u00f3 calcinado al incendiarse la vivienda en la que resid\u00eda con sus padres. La tragedia donde muri\u00f3 el infante, identificado como Yermi P\u00e9rez, ocurri\u00f3 en el barrio La Uni\u00f3n, del sector Cienfuegos, en Santiago. Hasta el momento, las autoridades no han establecido las causas del siniestro ocurrido [&hellip;]<\/p>\n","protected":false},"author":8,"featured_media":34232,"comment_status":"open","ping_status":"open","sticky":false,"template":"","format":"standard","meta":{"footnotes":""},"categories":[53,44],"tags":[],"class_list":["post-34231","post","type-post","status-publish","format-standard","has-post-thumbnail","hentry","category-provincias","category-republica-dominicana"],"_links":{"self":[{"href":"https:\/\/2horizontes.com\/index.php?rest_route=\/wp\/v2\/posts\/34231","targetHints":{"allow":["GET"]}}],"collection":[{"href":"https:\/\/2horizontes.com\/index.php?rest_route=\/wp\/v2\/posts"}],"about":[{"href":"https:\/\/2horizontes.com\/index.php?rest_route=\/wp\/v2\/types\/post"}],"author":[{"embeddable":true,"href":"https:\/\/2horizontes.com\/index.php?rest_route=\/wp\/v2\/users\/8"}],"replies":[{"embeddable":true,"href":"https:\/\/2horizontes.com\/index.php?rest_route=%2Fwp%2Fv2%2Fcomments&post=34231"}],"version-history":[{"count":2,"href":"https:\/\/2horizontes.com\/index.php?rest_route=\/wp\/v2\/posts\/34231\/revisions"}],"predecessor-version":[{"id":34234,"href":"https:\/\/2horizontes.com\/index.php?rest_route=\/wp\/v2\/posts\/34231\/revisions\/34234"}],"wp:featuredmedia":[{"embeddable":true,"href":"https:\/\/2horizontes.com\/index.php?rest_route=\/wp\/v2\/media\/34232"}],"wp:attachment":[{"href":"https:\/\/2horizontes.com\/index.php?rest_route=%2Fwp%2Fv2%2Fmedia&parent=34231"}],"wp:term":[{"taxonomy":"category","embeddable":true,"href":"https:\/\/2horizontes.com\/index.php?rest_route=%2Fwp%2Fv2%2Fcategories&post=34231"},{"taxonomy":"post_tag","embeddable":true,"href":"https:\/\/2horizontes.com\/index.php?rest_route=%2Fwp%2Fv2%2Ftags&post=34231"}],"curies":[{"name":"wp","href":"https:\/\/api.w.org\/{rel}","templated":true}]}}