{"id":34200,"date":"2015-11-26T11:38:03","date_gmt":"2015-11-26T10:38:03","guid":{"rendered":"http:\/\/2horizontes.com\/?p=34200"},"modified":"2015-11-26T11:38:03","modified_gmt":"2015-11-26T10:38:03","slug":"richard-gere-aplaude-a-manuela-carmena-y-critica-a-esperanza-aguirre","status":"publish","type":"post","link":"https:\/\/2horizontes.com\/?p=34200","title":{"rendered":"Richard Gere \u00abaplaude\u00bb a Manuela Carmena y critica a Esperanza Aguirre"},"content":{"rendered":"<p>Richard Gere est\u00e1 en Espa\u00f1a presentando \u2018Invisibles\u2019, una pel\u00edcula que intenta sensibilizar al espectador con las personas sin hogar. Durante la rueda de prensa ha asegurado que le hab\u00edan hablado muy bien de Manuela Carmena: \u201cDicen que ten\u00e9is una alcaldesa muy buena que quiere solucionar estos problemas de manera humana\u201d.<\/p>\n<p>Richard Gere: \u201cAplaudo a vuestra alcaldesa\u201d<\/p>\n<p>El actor que ha tardado casi una d\u00e9cada en hacer realidad el film, est\u00e1 ahora muy involucrado con las personas \u201csin techo\u201d de las que habla tanto en la pel\u00edcula, como apunta El Confidencial.<\/p>\n<p>Durante la presentaci\u00f3n de la cinta en Espa\u00f1a a\u00f1adi\u00f3: \u201cMe han dicho que ten\u00e9is un alcalde muy bueno ahora que quiere solucionar estos problemas de manera humana, responsable y usando el dinero de forma inteligente. Aplaudo a ese alcalde\u201d, aseguraba tras recordar los \u2018malos\u2019 tiempos de Rudolf Giuliani en Nueva York, donde se desarrolla la trama de \u2018Invisibles\u2019.<\/p>\n<p>En contraposici\u00f3n, habl\u00f3 de las palabras de Esperanza Aguirre sobre que los mendigos puedan afectar al turismo, seg\u00fan el actor le parec\u00eda un razonamiento \u201cabsurdo\u201d.<\/p>\n<p>La novia espa\u00f1ola de Richard Gere<\/p>\n<p>El actor de \u2018Pretty Woman\u2019 hizo su primer posado con Alejandra Silva, su novia espa\u00f1ola con la que a\u00fan no se le hab\u00eda fotografiado de forma oficial.<\/p>\n<p>Aprovecharon el estreno de su nueva pel\u00edcula \u2018Invisibles\u2019 en Madrid, donde interpreta a un hombre sin hogar que lucha por sobrevivir en las calles de Nueva York, para oficializar su relaci\u00f3n.<\/p>\n","protected":false},"excerpt":{"rendered":"<p>Richard Gere est\u00e1 en Espa\u00f1a presentando \u2018Invisibles\u2019, una pel\u00edcula que intenta sensibilizar al espectador con las personas sin hogar. Durante la rueda de prensa ha asegurado que le hab\u00edan hablado muy bien de Manuela Carmena: \u201cDicen que ten\u00e9is una alcaldesa muy buena que quiere solucionar estos problemas de manera humana\u201d. Richard Gere: \u201cAplaudo a vuestra [&hellip;]<\/p>\n","protected":false},"author":3,"featured_media":34201,"comment_status":"open","ping_status":"open","sticky":false,"template":"","format":"standard","meta":{"footnotes":""},"categories":[85,43],"tags":[],"class_list":["post-34200","post","type-post","status-publish","format-standard","has-post-thumbnail","hentry","category-espana","category-politica"],"_links":{"self":[{"href":"https:\/\/2horizontes.com\/index.php?rest_route=\/wp\/v2\/posts\/34200","targetHints":{"allow":["GET"]}}],"collection":[{"href":"https:\/\/2horizontes.com\/index.php?rest_route=\/wp\/v2\/posts"}],"about":[{"href":"https:\/\/2horizontes.com\/index.php?rest_route=\/wp\/v2\/types\/post"}],"author":[{"embeddable":true,"href":"https:\/\/2horizontes.com\/index.php?rest_route=\/wp\/v2\/users\/3"}],"replies":[{"embeddable":true,"href":"https:\/\/2horizontes.com\/index.php?rest_route=%2Fwp%2Fv2%2Fcomments&post=34200"}],"version-history":[{"count":1,"href":"https:\/\/2horizontes.com\/index.php?rest_route=\/wp\/v2\/posts\/34200\/revisions"}],"predecessor-version":[{"id":34202,"href":"https:\/\/2horizontes.com\/index.php?rest_route=\/wp\/v2\/posts\/34200\/revisions\/34202"}],"wp:featuredmedia":[{"embeddable":true,"href":"https:\/\/2horizontes.com\/index.php?rest_route=\/wp\/v2\/media\/34201"}],"wp:attachment":[{"href":"https:\/\/2horizontes.com\/index.php?rest_route=%2Fwp%2Fv2%2Fmedia&parent=34200"}],"wp:term":[{"taxonomy":"category","embeddable":true,"href":"https:\/\/2horizontes.com\/index.php?rest_route=%2Fwp%2Fv2%2Fcategories&post=34200"},{"taxonomy":"post_tag","embeddable":true,"href":"https:\/\/2horizontes.com\/index.php?rest_route=%2Fwp%2Fv2%2Ftags&post=34200"}],"curies":[{"name":"wp","href":"https:\/\/api.w.org\/{rel}","templated":true}]}}