{"id":34159,"date":"2015-11-26T09:42:54","date_gmt":"2015-11-26T08:42:54","guid":{"rendered":"http:\/\/2horizontes.com\/?p=34159"},"modified":"2015-11-26T09:42:54","modified_gmt":"2015-11-26T08:42:54","slug":"la-amazonia-pierde-superficie-igual-a-ru","status":"publish","type":"post","link":"https:\/\/2horizontes.com\/?p=34159","title":{"rendered":"La Amazon\u00eda pierde superficie igual a RU"},"content":{"rendered":"<div id=\"ArticleSourceDiv\" class=\"article-body-author\"><b>Lima<\/b><\/div>\n<div id=\"ArticleBody\">\n<p>La Amazon\u00eda, uno de los bosques m\u00e1s diversos del planeta, perdi\u00f3 entre 2000 y 2013 un total de 222.249 kil\u00f3metros cuadrados de bosques, una superficie equivalente al territorio de Reino Unido, seg\u00fan un estudio publicado ayer por la Red Amaz\u00f3nica de Informaci\u00f3n Socioambiental Georreferenciada (RAISG).<\/p>\n<p>En colaboraci\u00f3n con el Instituto del Bien Com\u00fan de Per\u00fa (IBC), la RAISG present\u00f3 un estudio que analiza la deforestaci\u00f3n en toda la Amazon\u00eda con el fin de \u201cvisibilizar la situaci\u00f3n social y ambiental\u201d del lugar y que se divulgar\u00e1 en la cumbre del cambio clim\u00e1tico (COP 21) en Par\u00eds del 30 de noviembre al 11 de diciembre.<\/p>\n<p>El director del Instituto del Bien Com\u00fan, Richard Chase Smith, calific\u00f3 la situaci\u00f3n de \u201cmuy preocupante\u201d porque a pesar de que la mayor p\u00e9rdida de bosque original de la Amazon\u00eda se produjo entre el a\u00f1o 1970 y 2000 con un 9,7 por ciento, entre 2000 y 2013 se perdi\u00f3 un 3,6 por ciento y la deforestaci\u00f3n total ya llega al 13,3 por ciento.<\/p>\n<p>Smith cit\u00f3 a la agricultura y a la ganader\u00eda como causas directas de p\u00e9rdida de superficie forestal y record\u00f3 que las infraestructuras, como carreteras y represas hidroel\u00e9ctricas \u201cest\u00e1n entre los factores que ejercen mayor presi\u00f3n sobre los bosques de toda la regi\u00f3n\u201d.<\/p>\n<p>Asimismo, se\u00f1al\u00f3 a la miner\u00eda ilegal, la explotaci\u00f3n de hidrocarburos y los cultivos il\u00edcitos como \u201ctransformadoras del paisaje amaz\u00f3nico\u201d en este tiempo. Brasil es el pa\u00eds que m\u00e1s deforestaci\u00f3n ha sufrido en este periodo.<\/p>\n<p>F. List\u00edn Diario.<\/p>\n<\/div>\n","protected":false},"excerpt":{"rendered":"<p>Lima La Amazon\u00eda, uno de los bosques m\u00e1s diversos del planeta, perdi\u00f3 entre 2000 y 2013 un total de 222.249 kil\u00f3metros cuadrados de bosques, una superficie equivalente al territorio de Reino Unido, seg\u00fan un estudio publicado ayer por la Red Amaz\u00f3nica de Informaci\u00f3n Socioambiental Georreferenciada (RAISG). En colaboraci\u00f3n con el Instituto del Bien Com\u00fan de [&hellip;]<\/p>\n","protected":false},"author":7,"featured_media":34160,"comment_status":"open","ping_status":"open","sticky":false,"template":"","format":"standard","meta":{"footnotes":""},"categories":[40],"tags":[],"class_list":["post-34159","post","type-post","status-publish","format-standard","has-post-thumbnail","hentry","category-internacionales"],"_links":{"self":[{"href":"https:\/\/2horizontes.com\/index.php?rest_route=\/wp\/v2\/posts\/34159","targetHints":{"allow":["GET"]}}],"collection":[{"href":"https:\/\/2horizontes.com\/index.php?rest_route=\/wp\/v2\/posts"}],"about":[{"href":"https:\/\/2horizontes.com\/index.php?rest_route=\/wp\/v2\/types\/post"}],"author":[{"embeddable":true,"href":"https:\/\/2horizontes.com\/index.php?rest_route=\/wp\/v2\/users\/7"}],"replies":[{"embeddable":true,"href":"https:\/\/2horizontes.com\/index.php?rest_route=%2Fwp%2Fv2%2Fcomments&post=34159"}],"version-history":[{"count":1,"href":"https:\/\/2horizontes.com\/index.php?rest_route=\/wp\/v2\/posts\/34159\/revisions"}],"predecessor-version":[{"id":34161,"href":"https:\/\/2horizontes.com\/index.php?rest_route=\/wp\/v2\/posts\/34159\/revisions\/34161"}],"wp:featuredmedia":[{"embeddable":true,"href":"https:\/\/2horizontes.com\/index.php?rest_route=\/wp\/v2\/media\/34160"}],"wp:attachment":[{"href":"https:\/\/2horizontes.com\/index.php?rest_route=%2Fwp%2Fv2%2Fmedia&parent=34159"}],"wp:term":[{"taxonomy":"category","embeddable":true,"href":"https:\/\/2horizontes.com\/index.php?rest_route=%2Fwp%2Fv2%2Fcategories&post=34159"},{"taxonomy":"post_tag","embeddable":true,"href":"https:\/\/2horizontes.com\/index.php?rest_route=%2Fwp%2Fv2%2Ftags&post=34159"}],"curies":[{"name":"wp","href":"https:\/\/api.w.org\/{rel}","templated":true}]}}