{"id":34156,"date":"2015-11-26T09:37:56","date_gmt":"2015-11-26T08:37:56","guid":{"rendered":"http:\/\/2horizontes.com\/?p=34156"},"modified":"2015-11-26T09:37:56","modified_gmt":"2015-11-26T08:37:56","slug":"farc-aceptan-acelerar-las-bases-de-un-acuerdo-de-paz","status":"publish","type":"post","link":"https:\/\/2horizontes.com\/?p=34156","title":{"rendered":"FARC aceptan acelerar las bases de un acuerdo de paz"},"content":{"rendered":"<p><strong>AFP \/La Habana<\/strong><\/p>\n<p>La guerrilla de las FARC acogi\u00f3 la propuesta del Gobierno de Colombia de acelerar el proceso de paz en Cuba, a trav\u00e9s de una nueva metodolog\u00eda en las discusiones, y sugiri\u00f3 que el di\u00e1logo directo iniciado hace tres a\u00f1os entr\u00f3 en una etapa \u00abpr\u00e1cticamente irreversible\u201d.<\/p>\n<p>El jefe m\u00e1ximo de la organizaci\u00f3n comunista, Timole\u00f3n Jim\u00e9nez, acept\u00f3 la propuesta del presidente Juan Manuel Santos de imprimir mayor velocidad a las discusiones, con el fin de terminar un conflicto armado de medio siglo. \u00abHay una propuesta que es muy interesante, hab\u00edan dicho que un c\u00f3nclave, esa es la figura para mostrar y decir que queremos un escenario donde haya resultados\u201d, afirm\u00f3 Jim\u00e9nez (Timochenko) en un video de las FARC subido a YouTube.<\/p>\n<p>Jim\u00e9nez aludi\u00f3 en esos t\u00e9rminos a la iniciativa que lanz\u00f3 Santos la semana pasada de convocar a una especie de c\u00f3nclave para finiquitar los acuerdos y firmar la paz antes del 23 de marzo, como se comprometieron ambos en La Habana el 23 de septiembre. Hasta la fecha la negociaci\u00f3n se ha desarrollado por ciclos de hasta cinco d\u00edas, en los que comisiones del Gobierno y las FARC tratan seis temas, a saber,\u00a0 reforma rural, cultivos ilegales, participaci\u00f3n en pol\u00edtica de los rebeldes, justicia para las v\u00edctimas, dejaci\u00f3n de armas y refrendaci\u00f3n de los acuerdos.<\/p>\n<p>La propuesta de una nueva metodolog\u00eda fue examinada por Jim\u00e9nez y Enrique Santos, hermano y enviado especial del mandatario colombiano, durante una reuni\u00f3n celebrada el fin de semana en La Habana, en la que trazaron las l\u00edneas de un acuerdo de paz definitivo.<\/p>\n","protected":false},"excerpt":{"rendered":"<p>AFP \/La Habana La guerrilla de las FARC acogi\u00f3 la propuesta del Gobierno de Colombia de acelerar el proceso de paz en Cuba, a trav\u00e9s de una nueva metodolog\u00eda en las discusiones, y sugiri\u00f3 que el di\u00e1logo directo iniciado hace tres a\u00f1os entr\u00f3 en una etapa \u00abpr\u00e1cticamente irreversible\u201d. El jefe m\u00e1ximo de la organizaci\u00f3n comunista, [&hellip;]<\/p>\n","protected":false},"author":7,"featured_media":34157,"comment_status":"open","ping_status":"open","sticky":false,"template":"","format":"standard","meta":{"footnotes":""},"categories":[50,49,40],"tags":[],"class_list":["post-34156","post","type-post","status-publish","format-standard","has-post-thumbnail","hentry","category-colombia","category-cuba","category-internacionales"],"_links":{"self":[{"href":"https:\/\/2horizontes.com\/index.php?rest_route=\/wp\/v2\/posts\/34156","targetHints":{"allow":["GET"]}}],"collection":[{"href":"https:\/\/2horizontes.com\/index.php?rest_route=\/wp\/v2\/posts"}],"about":[{"href":"https:\/\/2horizontes.com\/index.php?rest_route=\/wp\/v2\/types\/post"}],"author":[{"embeddable":true,"href":"https:\/\/2horizontes.com\/index.php?rest_route=\/wp\/v2\/users\/7"}],"replies":[{"embeddable":true,"href":"https:\/\/2horizontes.com\/index.php?rest_route=%2Fwp%2Fv2%2Fcomments&post=34156"}],"version-history":[{"count":1,"href":"https:\/\/2horizontes.com\/index.php?rest_route=\/wp\/v2\/posts\/34156\/revisions"}],"predecessor-version":[{"id":34158,"href":"https:\/\/2horizontes.com\/index.php?rest_route=\/wp\/v2\/posts\/34156\/revisions\/34158"}],"wp:featuredmedia":[{"embeddable":true,"href":"https:\/\/2horizontes.com\/index.php?rest_route=\/wp\/v2\/media\/34157"}],"wp:attachment":[{"href":"https:\/\/2horizontes.com\/index.php?rest_route=%2Fwp%2Fv2%2Fmedia&parent=34156"}],"wp:term":[{"taxonomy":"category","embeddable":true,"href":"https:\/\/2horizontes.com\/index.php?rest_route=%2Fwp%2Fv2%2Fcategories&post=34156"},{"taxonomy":"post_tag","embeddable":true,"href":"https:\/\/2horizontes.com\/index.php?rest_route=%2Fwp%2Fv2%2Ftags&post=34156"}],"curies":[{"name":"wp","href":"https:\/\/api.w.org\/{rel}","templated":true}]}}