{"id":34147,"date":"2015-11-26T09:18:17","date_gmt":"2015-11-26T08:18:17","guid":{"rendered":"http:\/\/2horizontes.com\/?p=34147"},"modified":"2015-11-26T09:19:41","modified_gmt":"2015-11-26T08:19:41","slug":"turquia-trata-calmar-aguas-tras-el-derribo-del-caza-ruso","status":"publish","type":"post","link":"https:\/\/2horizontes.com\/?p=34147","title":{"rendered":"Turqu\u00eda trata calmar aguas tras el derribo del caza ruso"},"content":{"rendered":"<div id=\"ArticleAuthorDiv\" class=\"article-body-author\"><b>EFE<\/b><\/div>\n<div id=\"ArticleSourceDiv\" class=\"article-body-author\"><b>Estambul<\/b><\/div>\n<div id=\"ArticleBody\">\n<p>El Gobierno turco ha intentado calmar las aguas diplom\u00e1ticas, revueltas despu\u00e9s de que anteayer martes dos cazas turcos derribasen un bombardero ruso Su-24 en la frontera turco-siria, supuestamente mientras violaba el espacio a\u00e9reo turco.<\/p>\n<p>No hay intenci\u00f3n de provocar una escalada de tensiones con Rusia: \u00fanicamente se trataba de defender el territorio contra toda violaci\u00f3n, asegur\u00f3 ayer el presidente turco, Recep Tayyip Erdogan.<\/p>\n<p>\u201cNadie puede esperar que nos quedemos mudos e inm\u00f3viles cuando est\u00e1n violando continuamente nuestra seguridad fronteriza\u201d, dijo Erdogan, recordando las numerosas advertencias a Mosc\u00fa.<\/p>\n<p>Entre los precedentes destaca una entrada de un caza ruso, el 3 de octubre pasado, en la misma provincia de Hatay donde se produjo el derribo el martes, admitida por Mosc\u00fa pero achacada a un \u201caccidente\u201d.<\/p>\n<p>Pero a\u00fan el jueves pasado, el Ministerio de Exteriores turco convoc\u00f3 al embajador ruso para transmitirle su enfado por los bombardeos de cazas rusos al noreste de la ciudad portuaria siria de Latakia, dado que esta zona est\u00e1 habitada por turcomanos, una minor\u00eda turcopar lante que Ankara considera \u201chermanos \u00e9tnicos\u201d.<\/p>\n<p>Tambi\u00e9n ayer, tanto Erdogan como el primer ministro, Ahmet Davutoglu, reiteraron no s\u00f3lo su decisi\u00f3n de proteger sus fronteras sino tambi\u00e9n de respaldar a la poblaci\u00f3n turcomana siria, entre las que hay varios grupos armados que luchan contra el r\u00e9gimen de Bachar al Asad.<\/p>\n<p>Los combates se intensificaron ayer y la artiller\u00eda siria bombarde\u00f3 estas zonas, que distan pocos kil\u00f3metros de la frontera turca.<\/p>\n<p>Ankara ha denunciado que la aviaci\u00f3n rusa en Siria, te\u00f3ricamente enviada para luchar contra el Estado Isl\u00e1mico (Daesh, en su acr\u00f3nimo en \u00e1rabe), apoya los esfuerzos b\u00e9licos del r\u00e9gimen contra la oposici\u00f3n \u201cmoderada\u201d, es decir los grupos rebeldes, en gran parte islamistas, que no forman parte del Daesh.<\/p>\n<p>No consta la presencia de grupos del Daesh a menos de cien kil\u00f3metros de la zona donde fue derribado el caza ruso, pero s\u00ed hay posiciones del Frente al Nusra, adscrito a Al Qaeda, y Ahrar Sham, un grupo fundado por veteranos de la misma organizaci\u00f3n yihadista.<\/p>\n<p><strong>PRESENCIA DE FRENTES\u00a0ALIADOS EN COMBATE<\/strong><br \/>\nEl primer ministro, Ahmet Davutoglu, invit\u00f3 ayer \u201cal mundo entero\u201d a \u201capagar el fuego\u201d en Siria y record\u00f3 que no s\u00f3lo el Daesh cuenta con combatientes extranjeros sino tambi\u00e9n el r\u00e9gimen de Al Asad, en referencia a los milicianos del grupo liban\u00e9s Hezbol\u00e1. Al mismo tiempo, subray\u00f3 su deseo de mantener buenas relaciones con Rusia, que calific\u00f3 de \u201cpa\u00eds vecino y amigo\u201d. Davutoglu incluy\u00f3 \u00a0el deseo de \u201cfortalecer los lazos con Rusia\u201d y mejorar \u201cla colaboraci\u00f3n regional\u201d, sobre todo en el \u00e1mbito de energ\u00eda y comercio, en el programa del Gobierno que present\u00f3 ayer en el Parlamento. Pero si bien la importaci\u00f3n de gas natural de Rusia, absolutamente vital para Turqu\u00eda, no parece resentirse de momento, la tensi\u00f3n puede tener consecuencias econ\u00f3micas inmediatas en el sector del turismo. La industria hotelera de la provincia mediterr\u00e1nea de Antalya siente \u201cp\u00e1nico\u201d, informa el diario Hu\u00a8rriyet.<\/p>\n<\/div>\n","protected":false},"excerpt":{"rendered":"<p>EFE Estambul El Gobierno turco ha intentado calmar las aguas diplom\u00e1ticas, revueltas despu\u00e9s de que anteayer martes dos cazas turcos derribasen un bombardero ruso Su-24 en la frontera turco-siria, supuestamente mientras violaba el espacio a\u00e9reo turco. No hay intenci\u00f3n de provocar una escalada de tensiones con Rusia: \u00fanicamente se trataba de defender el territorio contra [&hellip;]<\/p>\n","protected":false},"author":7,"featured_media":34148,"comment_status":"open","ping_status":"open","sticky":false,"template":"","format":"standard","meta":{"footnotes":""},"categories":[86,40,43],"tags":[],"class_list":["post-34147","post","type-post","status-publish","format-standard","has-post-thumbnail","hentry","category-europa","category-internacionales","category-politica"],"_links":{"self":[{"href":"https:\/\/2horizontes.com\/index.php?rest_route=\/wp\/v2\/posts\/34147","targetHints":{"allow":["GET"]}}],"collection":[{"href":"https:\/\/2horizontes.com\/index.php?rest_route=\/wp\/v2\/posts"}],"about":[{"href":"https:\/\/2horizontes.com\/index.php?rest_route=\/wp\/v2\/types\/post"}],"author":[{"embeddable":true,"href":"https:\/\/2horizontes.com\/index.php?rest_route=\/wp\/v2\/users\/7"}],"replies":[{"embeddable":true,"href":"https:\/\/2horizontes.com\/index.php?rest_route=%2Fwp%2Fv2%2Fcomments&post=34147"}],"version-history":[{"count":2,"href":"https:\/\/2horizontes.com\/index.php?rest_route=\/wp\/v2\/posts\/34147\/revisions"}],"predecessor-version":[{"id":34150,"href":"https:\/\/2horizontes.com\/index.php?rest_route=\/wp\/v2\/posts\/34147\/revisions\/34150"}],"wp:featuredmedia":[{"embeddable":true,"href":"https:\/\/2horizontes.com\/index.php?rest_route=\/wp\/v2\/media\/34148"}],"wp:attachment":[{"href":"https:\/\/2horizontes.com\/index.php?rest_route=%2Fwp%2Fv2%2Fmedia&parent=34147"}],"wp:term":[{"taxonomy":"category","embeddable":true,"href":"https:\/\/2horizontes.com\/index.php?rest_route=%2Fwp%2Fv2%2Fcategories&post=34147"},{"taxonomy":"post_tag","embeddable":true,"href":"https:\/\/2horizontes.com\/index.php?rest_route=%2Fwp%2Fv2%2Ftags&post=34147"}],"curies":[{"name":"wp","href":"https:\/\/api.w.org\/{rel}","templated":true}]}}