{"id":34105,"date":"2015-11-25T19:48:55","date_gmt":"2015-11-25T18:48:55","guid":{"rendered":"http:\/\/2horizontes.com\/?p=34105"},"modified":"2015-11-25T19:48:55","modified_gmt":"2015-11-25T18:48:55","slug":"miguel-bose-la-sociedad-ya-no-teme-al-sida-como-algo-vergonzante","status":"publish","type":"post","link":"https:\/\/2horizontes.com\/?p=34105","title":{"rendered":"Miguel Bos\u00e9: \u00abLa sociedad ya no teme al Sida como algo vergonzante\u00bb"},"content":{"rendered":"<p>La 6\u00aa Gala Sida Barcelona, organizada por la Fundaci\u00f3n Lucha contra el Sida ha recaudado m\u00e1s de 800.000 euros, una cifra r\u00e9cord. En total, se han alcanzado m\u00e1s de 3,5 millones de euros, que se destinar\u00e1n a financiar los proyectos de investigaci\u00f3n de la Fundaci\u00f3n. Como anfitriones, estuvo como siempre Miguel Bos\u00e9, y en esta ocasi\u00f3n fue acompa\u00f1ado Bel\u00e9n Rueda.<\/p>\n<p>Me impliqu\u00e9 en esta lucha despu\u00e9s de ver morir a tanta gente amiga a nuestro alrededor\u201d, declar\u00f3 el cantante, seg\u00fan ampl\u00eda ElMundo.<\/p>\n<p>La recaudaci\u00f3n de la fiesta va \u00edntegramente al laboratorio del doctor Buenaventura Clotet, uno de los 10 m\u00e1s importantes del mundo en investigaci\u00f3n sobre esta enfermedad.<\/p>\n<p>\u00abLa sociedad ya no teme al Sida como algo vergonzante y s\u00f3lo un 20% rechaza a los enfermos y piensa que se debe ocultar. Y adem\u00e1s hoy d\u00eda los que lo padecen lo confiesan como una enfermedad m\u00e1s.<\/p>\n<p>Hace once a\u00f1os, cuando empec\u00e9 con esto, el eslogan era Da la cara por el Sida porque no se dec\u00eda y se consideraba un horror confesarlo. Ahora, el 80% de la sociedad considera que es una enfermedad muy importante que hay que contribuir a erradicarla y es enfermedad grave pero no peor que otras\u00bb, agrega Bos\u00e9.<\/p>\n","protected":false},"excerpt":{"rendered":"<p>La 6\u00aa Gala Sida Barcelona, organizada por la Fundaci\u00f3n Lucha contra el Sida ha recaudado m\u00e1s de 800.000 euros, una cifra r\u00e9cord. En total, se han alcanzado m\u00e1s de 3,5 millones de euros, que se destinar\u00e1n a financiar los proyectos de investigaci\u00f3n de la Fundaci\u00f3n. Como anfitriones, estuvo como siempre Miguel Bos\u00e9, y en esta [&hellip;]<\/p>\n","protected":false},"author":3,"featured_media":34107,"comment_status":"open","ping_status":"open","sticky":false,"template":"","format":"standard","meta":{"footnotes":""},"categories":[1,57,45],"tags":[],"class_list":["post-34105","post","type-post","status-publish","format-standard","has-post-thumbnail","hentry","category-entretenimiento","category-mundo-gay","category-salud"],"_links":{"self":[{"href":"https:\/\/2horizontes.com\/index.php?rest_route=\/wp\/v2\/posts\/34105","targetHints":{"allow":["GET"]}}],"collection":[{"href":"https:\/\/2horizontes.com\/index.php?rest_route=\/wp\/v2\/posts"}],"about":[{"href":"https:\/\/2horizontes.com\/index.php?rest_route=\/wp\/v2\/types\/post"}],"author":[{"embeddable":true,"href":"https:\/\/2horizontes.com\/index.php?rest_route=\/wp\/v2\/users\/3"}],"replies":[{"embeddable":true,"href":"https:\/\/2horizontes.com\/index.php?rest_route=%2Fwp%2Fv2%2Fcomments&post=34105"}],"version-history":[{"count":1,"href":"https:\/\/2horizontes.com\/index.php?rest_route=\/wp\/v2\/posts\/34105\/revisions"}],"predecessor-version":[{"id":34108,"href":"https:\/\/2horizontes.com\/index.php?rest_route=\/wp\/v2\/posts\/34105\/revisions\/34108"}],"wp:featuredmedia":[{"embeddable":true,"href":"https:\/\/2horizontes.com\/index.php?rest_route=\/wp\/v2\/media\/34107"}],"wp:attachment":[{"href":"https:\/\/2horizontes.com\/index.php?rest_route=%2Fwp%2Fv2%2Fmedia&parent=34105"}],"wp:term":[{"taxonomy":"category","embeddable":true,"href":"https:\/\/2horizontes.com\/index.php?rest_route=%2Fwp%2Fv2%2Fcategories&post=34105"},{"taxonomy":"post_tag","embeddable":true,"href":"https:\/\/2horizontes.com\/index.php?rest_route=%2Fwp%2Fv2%2Ftags&post=34105"}],"curies":[{"name":"wp","href":"https:\/\/api.w.org\/{rel}","templated":true}]}}