{"id":34099,"date":"2015-11-25T19:30:53","date_gmt":"2015-11-25T18:30:53","guid":{"rendered":"http:\/\/2horizontes.com\/?p=34099"},"modified":"2015-11-25T19:30:53","modified_gmt":"2015-11-25T18:30:53","slug":"las-autoridades-desalojan-ciudadanos-montaron-cadena-humana-frente-a-oisoe","status":"publish","type":"post","link":"https:\/\/2horizontes.com\/?p=34099","title":{"rendered":"Las autoridades desalojan ciudadanos montaron cadena humana frente a OISOE"},"content":{"rendered":"<p>RD-SANTO DOMINGO.-\u00a0Enfrentamientos se produjeron este martes entre agentes policiales y militares con participantes en la Cadena Humana frente al Palacio Nacional, actividad coordinada por el movimiento Poder \u00a0Ciudadano procurando el cierre de las Oficina de Ingenieros Supervisores de Obras del Estado (OISOE).<\/p>\n<p>El grupo de ciudadanos instal\u00f3 una cadena humana frente al edificio de la OISOE en protesta por las presuntas\u00a0pr\u00e1cticas de corrupci\u00f3n que se cometen en esta instituci\u00f3n y en otras instancias gubernamentales.<\/p>\n<p>Los ciudadanos tambi\u00e9n denunciaron\u00a0 el atropello que comete el Gobierno de Danilo Medina contra el derecho a la protesta, impidiendo durante 7 semanas consecutivas que las cadenas humanas lleguen al edificio de la OISOE<\/p>\n","protected":false},"excerpt":{"rendered":"<p>RD-SANTO DOMINGO.-\u00a0Enfrentamientos se produjeron este martes entre agentes policiales y militares con participantes en la Cadena Humana frente al Palacio Nacional, actividad coordinada por el movimiento Poder \u00a0Ciudadano procurando el cierre de las Oficina de Ingenieros Supervisores de Obras del Estado (OISOE). El grupo de ciudadanos instal\u00f3 una cadena humana frente al edificio de la [&hellip;]<\/p>\n","protected":false},"author":8,"featured_media":34100,"comment_status":"open","ping_status":"open","sticky":false,"template":"","format":"standard","meta":{"footnotes":""},"categories":[44],"tags":[],"class_list":["post-34099","post","type-post","status-publish","format-standard","has-post-thumbnail","hentry","category-republica-dominicana"],"_links":{"self":[{"href":"https:\/\/2horizontes.com\/index.php?rest_route=\/wp\/v2\/posts\/34099","targetHints":{"allow":["GET"]}}],"collection":[{"href":"https:\/\/2horizontes.com\/index.php?rest_route=\/wp\/v2\/posts"}],"about":[{"href":"https:\/\/2horizontes.com\/index.php?rest_route=\/wp\/v2\/types\/post"}],"author":[{"embeddable":true,"href":"https:\/\/2horizontes.com\/index.php?rest_route=\/wp\/v2\/users\/8"}],"replies":[{"embeddable":true,"href":"https:\/\/2horizontes.com\/index.php?rest_route=%2Fwp%2Fv2%2Fcomments&post=34099"}],"version-history":[{"count":1,"href":"https:\/\/2horizontes.com\/index.php?rest_route=\/wp\/v2\/posts\/34099\/revisions"}],"predecessor-version":[{"id":34101,"href":"https:\/\/2horizontes.com\/index.php?rest_route=\/wp\/v2\/posts\/34099\/revisions\/34101"}],"wp:featuredmedia":[{"embeddable":true,"href":"https:\/\/2horizontes.com\/index.php?rest_route=\/wp\/v2\/media\/34100"}],"wp:attachment":[{"href":"https:\/\/2horizontes.com\/index.php?rest_route=%2Fwp%2Fv2%2Fmedia&parent=34099"}],"wp:term":[{"taxonomy":"category","embeddable":true,"href":"https:\/\/2horizontes.com\/index.php?rest_route=%2Fwp%2Fv2%2Fcategories&post=34099"},{"taxonomy":"post_tag","embeddable":true,"href":"https:\/\/2horizontes.com\/index.php?rest_route=%2Fwp%2Fv2%2Ftags&post=34099"}],"curies":[{"name":"wp","href":"https:\/\/api.w.org\/{rel}","templated":true}]}}