{"id":34091,"date":"2015-11-25T19:17:39","date_gmt":"2015-11-25T18:17:39","guid":{"rendered":"http:\/\/2horizontes.com\/?p=34091"},"modified":"2015-11-25T19:17:39","modified_gmt":"2015-11-25T18:17:39","slug":"con-encendido-de-arbolito-y-llamado-a-la-prudencia-arranca-navidad-en-el-palacio-nacional-rd","status":"publish","type":"post","link":"https:\/\/2horizontes.com\/?p=34091","title":{"rendered":"Con encendido de \u00e1rbolito y llamado a la prudencia arranca Navidad en el Palacio Nacional RD"},"content":{"rendered":"<p>RD-SANTO DOMINGO &#8211; El presidente Danilo Medino llam\u00f3 a la poblaci\u00f3n a disfrutar con comedimiento y prudencia las fiestas de Navidad y A\u00f1o Nuevo.<\/p>\n<p>Hizo el llamado en un acto en el Palacio Nacional con el cual el Gobierno dio inicio a la celebraci\u00f3n de la Navidad.\u00a0Durante la ceremonia, encabezada por el jefe de Estado y la primera dama C\u00e1ndida Montilla de Medina, fueron encendidas miles de luces que dar\u00e1n vida y colorido a la Casa de Gobierno.<\/p>\n<p>Tras un recorrido por la glorieta que adorna parte de los jardines del Palacio Nacional, el Presidente envi\u00f3 un mensaje de felicitaci\u00f3n al pueblo dominicano, al que dese\u00f3 dicha y prosperidad.<\/p>\n<p>\u201cPero sobre todo, desearles mucha paz y mucha salud, que lo pasen en familia, tranquilos y que el pr\u00f3ximo a\u00f1o sea de mucha dicha y prosperidad para todos\u201d, refiri\u00f3.<\/p>\n<p>Medina tambi\u00e9n invit\u00f3 los ciudadanos al comedimiento, a que \u201cse cuiden del derroche\u201d y a que \u201cpasen unas navidades felices, que puedan disponer de todas las cosas que puedan hacerles felices en estos d\u00edas de Navidad, en Nochebuena, en A\u00f1o Nuevo\u201d.<\/p>\n<p>Durante la actividad, Greybby Cuello, directora de Eventos y Asuntos Comunitarios, inform\u00f3 que nuevamente el paisaje central de este a\u00f1o, en el Nacimiento instalado frente a la casa de gobierno, es alusivo a la glorieta de un parque de cualquiera de nuestras provincias y\u00a0resalta las costumbres y tradiciones dominicanas.<\/p>\n<p>Los invitados tuvieron la oportunidad de degustar un men\u00fa netamente dominicano, integrado por arepa, bu\u00f1uelos de yuca, dulce de coco y batata, pan de batata navide\u00f1o, jalea, jengibre y pastel en hoja, entre otros platos de la gastronom\u00eda nacional.<\/p>\n<p>Ni\u00f1os y ni\u00f1as del programa \u00c1ngeles de la Cultura, del Despacho de la Primera Dama, deleitaron a los presentes con villancicos y canciones aleg\u00f3ricas a la \u00e9poca navide\u00f1a.<\/p>\n<p>En el encendido del arbolito acompa\u00f1aron al jefe de Estado, sus hijas Ana Paula y Vanessa Medina, el ministro Administrativo de la Presidencia, Jos\u00e9 Ram\u00f3n Peralta, y su esposa Patria de Peralta, as\u00ed como directores y administradores departamentales del Gobierno.<\/p>\n","protected":false},"excerpt":{"rendered":"<p>RD-SANTO DOMINGO &#8211; El presidente Danilo Medino llam\u00f3 a la poblaci\u00f3n a disfrutar con comedimiento y prudencia las fiestas de Navidad y A\u00f1o Nuevo. Hizo el llamado en un acto en el Palacio Nacional con el cual el Gobierno dio inicio a la celebraci\u00f3n de la Navidad.\u00a0Durante la ceremonia, encabezada por el jefe de Estado [&hellip;]<\/p>\n","protected":false},"author":8,"featured_media":34092,"comment_status":"open","ping_status":"open","sticky":false,"template":"","format":"standard","meta":{"footnotes":""},"categories":[43,44],"tags":[],"class_list":["post-34091","post","type-post","status-publish","format-standard","has-post-thumbnail","hentry","category-politica","category-republica-dominicana"],"_links":{"self":[{"href":"https:\/\/2horizontes.com\/index.php?rest_route=\/wp\/v2\/posts\/34091","targetHints":{"allow":["GET"]}}],"collection":[{"href":"https:\/\/2horizontes.com\/index.php?rest_route=\/wp\/v2\/posts"}],"about":[{"href":"https:\/\/2horizontes.com\/index.php?rest_route=\/wp\/v2\/types\/post"}],"author":[{"embeddable":true,"href":"https:\/\/2horizontes.com\/index.php?rest_route=\/wp\/v2\/users\/8"}],"replies":[{"embeddable":true,"href":"https:\/\/2horizontes.com\/index.php?rest_route=%2Fwp%2Fv2%2Fcomments&post=34091"}],"version-history":[{"count":1,"href":"https:\/\/2horizontes.com\/index.php?rest_route=\/wp\/v2\/posts\/34091\/revisions"}],"predecessor-version":[{"id":34093,"href":"https:\/\/2horizontes.com\/index.php?rest_route=\/wp\/v2\/posts\/34091\/revisions\/34093"}],"wp:featuredmedia":[{"embeddable":true,"href":"https:\/\/2horizontes.com\/index.php?rest_route=\/wp\/v2\/media\/34092"}],"wp:attachment":[{"href":"https:\/\/2horizontes.com\/index.php?rest_route=%2Fwp%2Fv2%2Fmedia&parent=34091"}],"wp:term":[{"taxonomy":"category","embeddable":true,"href":"https:\/\/2horizontes.com\/index.php?rest_route=%2Fwp%2Fv2%2Fcategories&post=34091"},{"taxonomy":"post_tag","embeddable":true,"href":"https:\/\/2horizontes.com\/index.php?rest_route=%2Fwp%2Fv2%2Ftags&post=34091"}],"curies":[{"name":"wp","href":"https:\/\/api.w.org\/{rel}","templated":true}]}}