{"id":34088,"date":"2015-11-25T19:11:01","date_gmt":"2015-11-25T18:11:01","guid":{"rendered":"http:\/\/2horizontes.com\/?p=34088"},"modified":"2015-11-25T19:11:01","modified_gmt":"2015-11-25T18:11:01","slug":"337-presos-se-graduaran-de-abogados-y-de-otras-carreras-rd","status":"publish","type":"post","link":"https:\/\/2horizontes.com\/?p=34088","title":{"rendered":"337 presos se graduar\u00e1n de abogados y de otras carreras RD"},"content":{"rendered":"<p>RD-SANTO DOMINGO.- Un total de 337 presos que cursan carreras universitarias en el modelo penitenciario de la Rep\u00fablica Dominicana se graduar\u00e1n en los pr\u00f3ximos d\u00edas, inform\u00f3 este mi\u00e9rcoles el procurador general de la Rep\u00fablica, Francisco Dom\u00ednguez Brito.<\/p>\n<p>De ellos, 160 se graduar\u00e1n de abogados, 76 de Psicolog\u00eda, 44 de Ingenier\u00eda e Inform\u00e1tica, 18 de Lenguas Modernas, 21 de Administraci\u00f3n y 18 de Pedagog\u00eda.<\/p>\n<p>Otros 37 internos est\u00e1n listos para ingresar al programa universitario, como resultado de convenios suscritos con universidades y con la Escuela Evang\u00e9lica Cristiana para que profesores de esa academia impartan docencia en esos recintos.<\/p>\n<p>El Procurador defini\u00f3 la educaci\u00f3n como el medio fundamental e id\u00f3neo para lograr la verdadera rehabilitaci\u00f3n y una positiva reinserci\u00f3n social de los reclusos.<\/p>\n","protected":false},"excerpt":{"rendered":"<p>RD-SANTO DOMINGO.- Un total de 337 presos que cursan carreras universitarias en el modelo penitenciario de la Rep\u00fablica Dominicana se graduar\u00e1n en los pr\u00f3ximos d\u00edas, inform\u00f3 este mi\u00e9rcoles el procurador general de la Rep\u00fablica, Francisco Dom\u00ednguez Brito. De ellos, 160 se graduar\u00e1n de abogados, 76 de Psicolog\u00eda, 44 de Ingenier\u00eda e Inform\u00e1tica, 18 de Lenguas [&hellip;]<\/p>\n","protected":false},"author":8,"featured_media":34089,"comment_status":"open","ping_status":"open","sticky":false,"template":"","format":"standard","meta":{"footnotes":""},"categories":[55,44],"tags":[],"class_list":["post-34088","post","type-post","status-publish","format-standard","has-post-thumbnail","hentry","category-educacion","category-republica-dominicana"],"_links":{"self":[{"href":"https:\/\/2horizontes.com\/index.php?rest_route=\/wp\/v2\/posts\/34088","targetHints":{"allow":["GET"]}}],"collection":[{"href":"https:\/\/2horizontes.com\/index.php?rest_route=\/wp\/v2\/posts"}],"about":[{"href":"https:\/\/2horizontes.com\/index.php?rest_route=\/wp\/v2\/types\/post"}],"author":[{"embeddable":true,"href":"https:\/\/2horizontes.com\/index.php?rest_route=\/wp\/v2\/users\/8"}],"replies":[{"embeddable":true,"href":"https:\/\/2horizontes.com\/index.php?rest_route=%2Fwp%2Fv2%2Fcomments&post=34088"}],"version-history":[{"count":1,"href":"https:\/\/2horizontes.com\/index.php?rest_route=\/wp\/v2\/posts\/34088\/revisions"}],"predecessor-version":[{"id":34090,"href":"https:\/\/2horizontes.com\/index.php?rest_route=\/wp\/v2\/posts\/34088\/revisions\/34090"}],"wp:featuredmedia":[{"embeddable":true,"href":"https:\/\/2horizontes.com\/index.php?rest_route=\/wp\/v2\/media\/34089"}],"wp:attachment":[{"href":"https:\/\/2horizontes.com\/index.php?rest_route=%2Fwp%2Fv2%2Fmedia&parent=34088"}],"wp:term":[{"taxonomy":"category","embeddable":true,"href":"https:\/\/2horizontes.com\/index.php?rest_route=%2Fwp%2Fv2%2Fcategories&post=34088"},{"taxonomy":"post_tag","embeddable":true,"href":"https:\/\/2horizontes.com\/index.php?rest_route=%2Fwp%2Fv2%2Ftags&post=34088"}],"curies":[{"name":"wp","href":"https:\/\/api.w.org\/{rel}","templated":true}]}}