{"id":34037,"date":"2015-11-25T12:30:20","date_gmt":"2015-11-25T11:30:20","guid":{"rendered":"http:\/\/2horizontes.com\/?p=34037"},"modified":"2015-11-25T12:30:20","modified_gmt":"2015-11-25T11:30:20","slug":"elecciones-presidenciales-moise-y-celestin-a-la-ronda-final-en-haiti","status":"publish","type":"post","link":"https:\/\/2horizontes.com\/?p=34037","title":{"rendered":"Elecciones presidenciales: Moise y Celestin a la ronda final en Hait\u00ed"},"content":{"rendered":"<p><strong>Hait\u00ed\u00a0<\/strong><\/p>\n<p>El oficialista Jovenel Moise y el opositor Jude Celestin disputar\u00e1n una segunda vuelta electoral el 27 de diciembre para definir qui\u00e9n ser\u00e1 el pr\u00f3ximo presidente de Hait\u00ed, seg\u00fan los resultados definitivos de las votaciones del 25 de octubre pasado conocidos ayer.<\/p>\n<p>El Consejo Electoral Provisional (CEP) confirm\u00f3 que Moise fue el m\u00e1s votado, con un 32,76 por ciento, mientras que Celestin obtuvo un 25,29 en las elecciones presidenciales del 25 de octubre.<\/p>\n<p>El pasado 5 de noviembre, el CEP hab\u00eda publicado los datos provisionales de los comicios, seg\u00fan los cuales Moise hab\u00eda obtenido un 32,81 por ciento de los sufragios mientras que Celestin logr\u00f3 el 25,27 por ciento. La publicaci\u00f3n por parte de la CEP de los resultados definitivos se produce tras la decisi\u00f3n, hoy, de la Oficina de Impugnaciones Electoral Nacional (BCEN) de rechazar la demanda de la candidata por Familiar Lavalas, del expresidente Jean Bertrand Aristide (1991, 1994- 1996 y 2001-2004), Marysse Narcisse, y de Vilaire Cluny Duroseau, de \u201cMeksepa\u201d, de que se excluyera de la carrera electoral al oficialista Moise.<\/p>\n<p>Familiar Lavalas convoc\u00f3 hoy una serie de manifestaciones a partir de ma\u00f1ana para que se \u201crespete el voto popular\u201d, mientras que el partido Monop, que apoya a Celestin, anunci\u00f3 m\u00e1s protestas para esta semana.<\/p>\n<p>&nbsp;<\/p>\n<p>&nbsp;<\/p>\n<p>F. List\u00edn Diario.<\/p>\n","protected":false},"excerpt":{"rendered":"<p>Hait\u00ed\u00a0 El oficialista Jovenel Moise y el opositor Jude Celestin disputar\u00e1n una segunda vuelta electoral el 27 de diciembre para definir qui\u00e9n ser\u00e1 el pr\u00f3ximo presidente de Hait\u00ed, seg\u00fan los resultados definitivos de las votaciones del 25 de octubre pasado conocidos ayer. El Consejo Electoral Provisional (CEP) confirm\u00f3 que Moise fue el m\u00e1s votado, con [&hellip;]<\/p>\n","protected":false},"author":7,"featured_media":34038,"comment_status":"open","ping_status":"open","sticky":false,"template":"","format":"standard","meta":{"footnotes":""},"categories":[47,40,43],"tags":[],"class_list":["post-34037","post","type-post","status-publish","format-standard","has-post-thumbnail","hentry","category-haiti","category-internacionales","category-politica"],"_links":{"self":[{"href":"https:\/\/2horizontes.com\/index.php?rest_route=\/wp\/v2\/posts\/34037","targetHints":{"allow":["GET"]}}],"collection":[{"href":"https:\/\/2horizontes.com\/index.php?rest_route=\/wp\/v2\/posts"}],"about":[{"href":"https:\/\/2horizontes.com\/index.php?rest_route=\/wp\/v2\/types\/post"}],"author":[{"embeddable":true,"href":"https:\/\/2horizontes.com\/index.php?rest_route=\/wp\/v2\/users\/7"}],"replies":[{"embeddable":true,"href":"https:\/\/2horizontes.com\/index.php?rest_route=%2Fwp%2Fv2%2Fcomments&post=34037"}],"version-history":[{"count":1,"href":"https:\/\/2horizontes.com\/index.php?rest_route=\/wp\/v2\/posts\/34037\/revisions"}],"predecessor-version":[{"id":34039,"href":"https:\/\/2horizontes.com\/index.php?rest_route=\/wp\/v2\/posts\/34037\/revisions\/34039"}],"wp:featuredmedia":[{"embeddable":true,"href":"https:\/\/2horizontes.com\/index.php?rest_route=\/wp\/v2\/media\/34038"}],"wp:attachment":[{"href":"https:\/\/2horizontes.com\/index.php?rest_route=%2Fwp%2Fv2%2Fmedia&parent=34037"}],"wp:term":[{"taxonomy":"category","embeddable":true,"href":"https:\/\/2horizontes.com\/index.php?rest_route=%2Fwp%2Fv2%2Fcategories&post=34037"},{"taxonomy":"post_tag","embeddable":true,"href":"https:\/\/2horizontes.com\/index.php?rest_route=%2Fwp%2Fv2%2Ftags&post=34037"}],"curies":[{"name":"wp","href":"https:\/\/api.w.org\/{rel}","templated":true}]}}