{"id":3402,"date":"2015-02-26T14:13:35","date_gmt":"2015-02-26T14:13:35","guid":{"rendered":"http:\/\/2horizontes.com\/?p=3402"},"modified":"2015-02-26T14:13:35","modified_gmt":"2015-02-26T14:13:35","slug":"la-visita-de-zapatero-a-cuba-es-de-una-extraordinaria-deslealtad","status":"publish","type":"post","link":"https:\/\/2horizontes.com\/?p=3402","title":{"rendered":"\u201cLa visita de Zapatero a Cuba es de una extraordinaria deslealtad \u201d"},"content":{"rendered":"<p><a href=\"http:\/\/2horizontes.com\/wp-content\/uploads\/2015\/02\/3.jpg\"><img loading=\"lazy\" decoding=\"async\" src=\"http:\/\/2horizontes.com\/wp-content\/uploads\/2015\/02\/3-300x168.jpg\" alt=\"3\" width=\"300\" height=\"168\" class=\"alignleft size-medium wp-image-3403\" srcset=\"https:\/\/2horizontes.com\/wp-content\/uploads\/2015\/02\/3-300x168.jpg 300w, https:\/\/2horizontes.com\/wp-content\/uploads\/2015\/02\/3-510x286.jpg 510w, https:\/\/2horizontes.com\/wp-content\/uploads\/2015\/02\/3-360x200.jpg 360w, https:\/\/2horizontes.com\/wp-content\/uploads\/2015\/02\/3.jpg 640w\" sizes=\"auto, (max-width: 300px) 100vw, 300px\" \/><\/a><br \/>\nEl ministro de Exteriores critica la inoportunidad de la reuni\u00f3n del expresidente y con Castro<br \/>\nMoratinos se muestra sorprendido por la reacci\u00f3n del Gobierno ante la visita<\/p>\n<p>El ministro de Asuntos Exteriores y Cooperaci\u00f3n, Jos\u00e9 Manuel Garc\u00eda-Margallo, ha afirmado que el viaje del expresidente espa\u00f1ol Jos\u00e9 Luis Rodr\u00edguez Zapatero a Cuba, donde se ha reunido con Ra\u00fal Castro, supone \u00abuna extraordinaria deslealtad\u00bb.<\/p>\n<p>En declaraciones a los periodistas antes de ofrecer una conferencia sobre la marca Espa\u00f1a en Alicante, ha declarado que desconoce qu\u00e9 asuntos trataron Zapatero y Castro, y ha a\u00f1adido que se enter\u00f3 del viaje porque hubo que tramitar los permisos de los escoltas y porque se pusieron en comunicaci\u00f3n con el embajador en La Habana para informar de su presencia en Cuba.<\/p>\n<p>\u00abLa visita no es s\u00f3lo un ejemplo de deslealtad sino ejemplo de inoportunidad\u00bb ya que, ha proseguido, actualmente Espa\u00f1a y el resto de la Uni\u00f3n Europea se halla en un proceso de negociaci\u00f3n con las autoridades de la isla, \u00absiempre que el r\u00e9gimen cubano d\u00e9 pasos en respeto a los derechos humanos b\u00e1sicos y la apertura a la Democracia\u00bb.<\/p>\n<p>Por su parte, en declaraciones a EL PA\u00cdS desde La Habana, Moratinos se ha mostrado sorprendido de la reacci\u00f3n de Margallo y ha asegurado que la Embajada de Espa\u00f1a en La Habana estaba \u201cal corriente de todo\u201d. Seg\u00fan el exministro, hace unos d\u00edas llam\u00f3 al embajador para avisarle de su llegada y, a trav\u00e9s de seguridad, tramitar los permisos para los escoltas. <\/p>\n<p>Seg\u00fan Moratinos, en el curso de la cena que tuvieron con el embajador le informaron de que ten\u00edan previsto reunirse con Ra\u00fal Castro, aunque la entrevista no figuraba en el programa, \u201cya que ese tipo de citas est\u00e1n siempre en interrogante hasta el \u00faltimo momento\u201d.<\/p>\n<p>La reuni\u00f3n con el mandatario cubano se prolong\u00f3 durante tres horas y media y, al t\u00e9rmino de la misma, los dos pol\u00edticos socialistas se marcharon a cenar, por lo que hasta esta ma\u00f1ana a\u00fan no hab\u00edan informado al Gobierno del contenido del encuentro.<\/p>\n<p>El exministro asegura que la visita no es oficial, ya que no iban como representantes del Gobierno, pero tampoco privada, pues Zapatero acud\u00eda en su condici\u00f3n de presidente de honor del Comit\u00e9 para la Abolici\u00f3n de la Pena de Muerte de la ONU. En el encuentro con Castro abordaron tambi\u00e9n las relaciones bilaterales y la situaci\u00f3n de Cuba tras la reanudaci\u00f3n de las relaciones con EE UU, a\u00f1adi\u00f3 Moratinos sin ofrecer muchos detalles. \u201cNo hay nada extra\u00f1o ni secreto en la visita\u201d, a\u00f1adi\u00f3.<\/p>\n<p>El exjefe de la diplomacia espa\u00f1ola reconoce que \u201cquiz\u00e1 habr\u00eda sido l\u00f3gico\u201d hablar directamente con Margallo, pero se excusa alegando que las relaciones con su sucesor no son todo lo fluidas que debieran. Tras concluir su visita a La Habana, Zapatero y Moratinos tienen previsto viajar a Bolivia invitados por el presidente Evo Morales.<\/p>\n<p>Por su parte, la exministra de Exteriores, la socialista Trinidad Jim\u00e9nez, ha revelado que el pasado 17 de febrero, la oficina de Zapatero remiti\u00f3 un correo electr\u00f3nico al Gabinete del ministro Margallo en el que le informaba del viaje dele expresidente a Cuba y Bolivia, detall\u00e1ndole los vuelos y acompa\u00f1antes y anunci\u00e1ndole que, al no estar cerradas la agenda de las entrevistas, se lo comunicar\u00eda a trav\u00e9s de los respectivos embajadores.<\/p>\n<p>Seg\u00fan Jim\u00e9nez, Zapatero habl\u00f3 personalmente con el secretario general de Cooperaci\u00f3n, Gonzalo Robles, ya que ambas visitas tienen una importante dimensi\u00f3n en dicha materia y ambos ten\u00edan previsto visitar proyectos de la cooperaci\u00f3n espa\u00f1ola en los dos pa\u00edses.<\/p>\n<p>Jim\u00e9nez ha recordado, adem\u00e1s, que el expresidente Aznar no le informaba de los numerosos viajes al extranjero que realiz\u00f3 cuando ella era titular de Exteriores.<\/p>\n<p>El expresidente del Gobierno espa\u00f1ol Jos\u00e9 Luis Rodr\u00edguez Zapatero y el que fuera su ministro de Exteriores, Miguel \u00c1ngel Moratinos, se reunieron el pasado mi\u00e9rcoles en La Habana con el presidente cubano Ra\u00fal Castro. Fuentes de Exteriores han mostrado \u00abestupor e irritaci\u00f3n\u00bb por la visita, de cuya agenda y contenido no estaba informado el ministro Jos\u00e9 Manuel Garc\u00eda-Margallo.<\/p>\n<p>La llegada de los dos pol\u00edticos socialistas solo fue comunicada con unos d\u00edas de antelaci\u00f3n al embajador de Espa\u00f1a en Cuba, Jos\u00e9 Francisco Montalb\u00e1n Carrasco, quien acudi\u00f3 el martes a recibirlos al aeropuerto de La Habana, aunque se le indic\u00f3 que su estancia en la isla ten\u00eda \u201ccar\u00e1cter privado\u201d, seg\u00fan fuentes diplom\u00e1ticas.<\/p>\n<p>\u201cDurante el cordial encuentro [con Ra\u00fal Castro] se abordaron temas de mutuo inter\u00e9s de la agenda regional e internacional, as\u00ed como de las relaciones hist\u00f3ricas que unen a ambas naciones\u00bb, indic\u00f3 el informativo de la televisi\u00f3n cubana. En la reuni\u00f3n tambi\u00e9n estuvo presente, adem\u00e1s de Moratinos, el canciller Bruno Rodr\u00edguez.<\/p>\n<p>En esta primera jornada de su estancia en Cuba, Zapatero y Moratinos se reunieron tambi\u00e9n con el ministro interino del Comercio Exterior y la Inversi\u00f3n Extranjera, Antonio Carricarte. Est\u00e1 previsto que este jueves mantengan un encuentro con la prensa.<\/p>\n<p>Durante su mandato como jefe del Gobierno (2004-2011), Zapatero no pis\u00f3 nunca la isla caribe\u00f1a. En cambio, Moratinos hizo varias visitas y en 2010 medi\u00f3 con la Iglesia cat\u00f3lica para conseguir la liberaci\u00f3n de medio centenar de presos pol\u00edticos, que se exiliaron en Espa\u00f1a. No es la primera vez que el expresidente y su exministro realizan por sorpresa un controvertido viaje al extranjero. En julio del a\u00f1o pasado, junto al exministro de Defensa Jos\u00e9 Bono, estuvieron en Guinea Ecuatorial, donde fueron recibidos por el presidente Teodoro Obiang.<\/p>\n<p>El pasado mes de diciembre,  Estados Unidos y Cuba dieron los primeros pasos para la normalizaci\u00f3n de sus relaciones diplom\u00e1ticas, rotas durante a\u00f1os.<\/p>\n","protected":false},"excerpt":{"rendered":"<p>El ministro de Exteriores critica la inoportunidad de la reuni\u00f3n del expresidente y con Castro Moratinos se muestra sorprendido por la reacci\u00f3n del Gobierno ante la visita El ministro de Asuntos Exteriores y Cooperaci\u00f3n, Jos\u00e9 Manuel Garc\u00eda-Margallo, ha afirmado que el viaje del expresidente espa\u00f1ol Jos\u00e9 Luis Rodr\u00edguez Zapatero a Cuba, donde se ha reunido [&hellip;]<\/p>\n","protected":false},"author":1,"featured_media":0,"comment_status":"open","ping_status":"open","sticky":false,"template":"","format":"standard","meta":{"footnotes":""},"categories":[1],"tags":[],"class_list":["post-3402","post","type-post","status-publish","format-standard","hentry","category-entretenimiento"],"_links":{"self":[{"href":"https:\/\/2horizontes.com\/index.php?rest_route=\/wp\/v2\/posts\/3402","targetHints":{"allow":["GET"]}}],"collection":[{"href":"https:\/\/2horizontes.com\/index.php?rest_route=\/wp\/v2\/posts"}],"about":[{"href":"https:\/\/2horizontes.com\/index.php?rest_route=\/wp\/v2\/types\/post"}],"author":[{"embeddable":true,"href":"https:\/\/2horizontes.com\/index.php?rest_route=\/wp\/v2\/users\/1"}],"replies":[{"embeddable":true,"href":"https:\/\/2horizontes.com\/index.php?rest_route=%2Fwp%2Fv2%2Fcomments&post=3402"}],"version-history":[{"count":1,"href":"https:\/\/2horizontes.com\/index.php?rest_route=\/wp\/v2\/posts\/3402\/revisions"}],"predecessor-version":[{"id":3404,"href":"https:\/\/2horizontes.com\/index.php?rest_route=\/wp\/v2\/posts\/3402\/revisions\/3404"}],"wp:attachment":[{"href":"https:\/\/2horizontes.com\/index.php?rest_route=%2Fwp%2Fv2%2Fmedia&parent=3402"}],"wp:term":[{"taxonomy":"category","embeddable":true,"href":"https:\/\/2horizontes.com\/index.php?rest_route=%2Fwp%2Fv2%2Fcategories&post=3402"},{"taxonomy":"post_tag","embeddable":true,"href":"https:\/\/2horizontes.com\/index.php?rest_route=%2Fwp%2Fv2%2Ftags&post=3402"}],"curies":[{"name":"wp","href":"https:\/\/api.w.org\/{rel}","templated":true}]}}