{"id":33946,"date":"2015-11-24T20:41:50","date_gmt":"2015-11-24T19:41:50","guid":{"rendered":"http:\/\/2horizontes.com\/?p=33946"},"modified":"2015-11-24T20:41:50","modified_gmt":"2015-11-24T19:41:50","slug":"consulado-de-la-rd-en-ny-no-laborara-este-jueves-y-viernes","status":"publish","type":"post","link":"https:\/\/2horizontes.com\/?p=33946","title":{"rendered":"Consulado de la RD en NY no laborar\u00e1 este jueves y viernes"},"content":{"rendered":"<p>NUEVA YORK.- El Consulado General de la Rep\u00fablica Dominicana en esta ciudad no laborar\u00e1 los d\u00edas jueves 26 y viernes 27 de noviembre por la celebraci\u00f3n en Estados Unidos del D\u00eda de Acci\u00f3n de Gracias (Thanksgiving).<\/p>\n<p>Las labores se reanudar\u00e1n el d\u00eda 28 en el horario habitual, inform\u00f3 la dependencia consular localizada en el 1501 de la avenida Broadway, en Manhattan.<\/p>\n<p>El c\u00f3nsul Eduardo Selman explic\u00f3 en un comunicado que \u201cesta sede se une a la poblaci\u00f3n estadounidense en la celebraci\u00f3n del D\u00eda de Acci\u00f3n de Gracias\u201d.<\/p>\n<p>\u201cDamos gracias a Dios por las bendiciones que de \u00e9l recibimos cada d\u00eda y elevamos nuestras oraciones por la paz de la humanidad\u201d, expres\u00f3 Selman, quien exhort\u00f3 a los dominicanos a celebrar sin excesos y en unidad familiar.<\/p>\n","protected":false},"excerpt":{"rendered":"<p>NUEVA YORK.- El Consulado General de la Rep\u00fablica Dominicana en esta ciudad no laborar\u00e1 los d\u00edas jueves 26 y viernes 27 de noviembre por la celebraci\u00f3n en Estados Unidos del D\u00eda de Acci\u00f3n de Gracias (Thanksgiving). Las labores se reanudar\u00e1n el d\u00eda 28 en el horario habitual, inform\u00f3 la dependencia consular localizada en el 1501 [&hellip;]<\/p>\n","protected":false},"author":8,"featured_media":33947,"comment_status":"open","ping_status":"open","sticky":false,"template":"","format":"standard","meta":{"footnotes":""},"categories":[40,44],"tags":[],"class_list":["post-33946","post","type-post","status-publish","format-standard","has-post-thumbnail","hentry","category-internacionales","category-republica-dominicana"],"_links":{"self":[{"href":"https:\/\/2horizontes.com\/index.php?rest_route=\/wp\/v2\/posts\/33946","targetHints":{"allow":["GET"]}}],"collection":[{"href":"https:\/\/2horizontes.com\/index.php?rest_route=\/wp\/v2\/posts"}],"about":[{"href":"https:\/\/2horizontes.com\/index.php?rest_route=\/wp\/v2\/types\/post"}],"author":[{"embeddable":true,"href":"https:\/\/2horizontes.com\/index.php?rest_route=\/wp\/v2\/users\/8"}],"replies":[{"embeddable":true,"href":"https:\/\/2horizontes.com\/index.php?rest_route=%2Fwp%2Fv2%2Fcomments&post=33946"}],"version-history":[{"count":1,"href":"https:\/\/2horizontes.com\/index.php?rest_route=\/wp\/v2\/posts\/33946\/revisions"}],"predecessor-version":[{"id":33949,"href":"https:\/\/2horizontes.com\/index.php?rest_route=\/wp\/v2\/posts\/33946\/revisions\/33949"}],"wp:featuredmedia":[{"embeddable":true,"href":"https:\/\/2horizontes.com\/index.php?rest_route=\/wp\/v2\/media\/33947"}],"wp:attachment":[{"href":"https:\/\/2horizontes.com\/index.php?rest_route=%2Fwp%2Fv2%2Fmedia&parent=33946"}],"wp:term":[{"taxonomy":"category","embeddable":true,"href":"https:\/\/2horizontes.com\/index.php?rest_route=%2Fwp%2Fv2%2Fcategories&post=33946"},{"taxonomy":"post_tag","embeddable":true,"href":"https:\/\/2horizontes.com\/index.php?rest_route=%2Fwp%2Fv2%2Ftags&post=33946"}],"curies":[{"name":"wp","href":"https:\/\/api.w.org\/{rel}","templated":true}]}}