{"id":33938,"date":"2015-11-24T20:32:55","date_gmt":"2015-11-24T19:32:55","guid":{"rendered":"http:\/\/2horizontes.com\/?p=33938"},"modified":"2015-11-24T20:41:46","modified_gmt":"2015-11-24T19:41:46","slug":"la-otan-pide-calma-pero-asegura-que-los-aliados-mantendran-el-apoyo-a-turquia-leer-mas-guerra-en-siria-la-otan-pide-calma-pero-asegura-que-los-aliados-mantendran-el-apoyo-a-turquia","status":"publish","type":"post","link":"https:\/\/2horizontes.com\/?p=33938","title":{"rendered":"La OTAN pide \u00abcalma\u00bb pero asegura que los aliados \u00abmantendr\u00e1n el apoyo a Turqu\u00eda\u00bb"},"content":{"rendered":"<p>EE.UU.<\/p>\n<p>La ONU pide \u00abmedidas urgentes\u00bb,\u00a0<strong>Barack Obama<\/strong> afirma que Turqu\u00eda \u00abtiene derecho a defender su espacio a\u00e9reo\u00bb y Vladimir Putin acusa a Ankara de \u00ab<strong>complicidad con los terroristas<\/strong>\u00ab. El derribo por parte de las Fuerzas A\u00e9reas turcas de un\u00a0<strong>un cazabombardero<\/strong>\u00a0<strong>ruso\u00a0<\/strong>que supuestamente habr\u00eda violado su\u00a0espacio a\u00e9reo cerca de la frontera turco-siria ha recrudecido el pulso entre Mosc\u00fa y la OTAN. Tras una reuni\u00f3n de urgencia del\u00a0<strong>Consejo del Atl\u00e1ntico Norte<\/strong>, m\u00e1ximo \u00f3rgano decisorio de la Alianza compuesto por los embajadores de los 28 aliados, la OTAN ha pedido \u00abcalma y una disminuci\u00f3n (de la tensi\u00f3n)\u00bb pero asegura que \u00ab<strong>los aliados se mantendr\u00e1n junto a\u00a0Turqu\u00eda<\/strong>\u00ab. \u00abInsto a la calma y a la desescalada de tensiones\u00bb, ha declarado el secretario general de la OTAN, Jens Stoltenberg, quien a\u00f1adi\u00f3 que que los aliados confirman la versi\u00f3n de Ankara.<\/p>\n<p>Esta ma\u00f1ana, las Fuerzas A\u00e9reas turcas han\u00a0<strong>derribado\u00a0<\/strong><strong>un cazabombardero<\/strong>\u00a0<strong>ruso\u00a0<\/strong>que\u00a0termin\u00f3 estrell\u00e1ndose\u00a0en Siria, en la localidad turcomana de Bayirbucak, cercana\u00a0a la frontera. De momento se desconoce la suerte de los pilotos, que seg\u00fan la c\u00fapula militar turca lograron catapultarse del avi\u00f3n. Aunque algunas versiones apuntan a que uno de ellos habr\u00eda sido capturado por fuerzas rebeldes\u00a0que combaten al r\u00e9gimen sirio, un mando militar turcomano asegura que mataron a los dos pilotos cuando descend\u00edan en paraca\u00eddas. \u00ab<strong>Disparamos contra los dos pilotos cuando bajaban en paraca\u00eddas<\/strong>\u00ab, ha declarado\u00a0el subcomandante Alpaslan Celik, citado por la cadena CNNT\u00fcrk. Rusia, por su parte, ha confirmado la muerte de uno de los dos pilotos del bombardero y de <strong>un segundo soldado ruso<\/strong> tras ser abatido por los rebeldes sirios <strong>un helic\u00f3ptero de rescate Mi-8<\/strong>.<\/p>\n<p><strong>Vladimir Putin<\/strong>\u00a0se ha\u00a0sumado\u00a0al cruce de recriminaciones al <strong>acusar a las autoridades turcas de ser \u00abc\u00f3mplices del terrorismo\u00bb<\/strong>. \u00abEste suceso se sale de los marcos de la lucha contra el terrorismo. Pero la p\u00e9rdida de hoy est\u00e1 vinculada con un golpe que nos han dado a traici\u00f3n c\u00f3mplices del terrorismo\u00bb, ha afirmado el presidente\u00a0ruso al reunirse con el rey Abdal\u00e1 II de Jordania, seg\u00fan medios locales. Rusia, al igual que Damasco, define a todas las milicias opositoras que luchan contra Asad como \u00abterroristas\u00bb, pese a que muchas de ellas combaten tambi\u00e9n contra el Estado Isl\u00e1mico. Putin tambi\u00e9n ha asegurado que su pa\u00eds <strong>\u00abno va a tolerar cr\u00edmenes como el ocurrido hoy\u00bb.<\/strong>Mientras, el presidente de Turqu\u00eda, Recep Tayyip <strong>Erdogan<\/strong>, lament\u00f3 el derribo, pero asegur\u00f3 que su pa\u00eds tiene derecho a defender sus fronteras. \u00abLamentamos estos hechos, que tuvieron lugar como consecuencia de unas normas de intervenci\u00f3n qu\u00e9 hab\u00edamos declarado antes\u00bb, dijo Erdogan durante un discurso en el palacio presidencial. \u00abLo hicimos todo para evitar este \u00faltimo incidente, todo el mundo debe estar seguro de eso\u00bb, agreg\u00f3.<\/p>\n<p>Mientras el Kremlin\u00a0defiende que \u00abdurante el vuelo, el avi\u00f3n permaneci\u00f3 todo el tiempo sobre el territorio de Siria, como qued\u00f3 registrado en los radares\u00bb, Ankara replica\u00a0que el aparato\u00a0fue derribado por dos\u00a0cazas F-16 turcos porque viol\u00f3 su espacio a\u00e9reo y <strong>no hizo caso de\u00a010 advertencias enviadas durante un lapso de cinco minutos<\/strong>. \u00abSiguiendo las reglas de combate, a las 09:24 hora local (07:24 GMT), intervinieron dos cazas F-16 nuestros que se hallaban de patrulla en la zona\u00bb, se\u00f1ala un comunicado de las autoridades turcas, que han anunciado que <strong>llevar\u00e1n el caso a la OTAN y la ONU<\/strong>.<\/p>\n<p>Horas\u00a0despu\u00e9s del suceso, el Observatorio Sirio de Derechos Humanos -grupo opositor con sede en Londres- difundi\u00f3\u00a0que\u00a0<strong>un helic\u00f3ptero ruso hab\u00eda sido\u00a0alcanzado\u00a0por grupos armados sirios<\/strong>\u00a0y hab\u00eda realizado\u00a0un aterrizaje forzoso en un\u00a0\u00e1rea controlada por\u00a0efectivos del r\u00e9gimen de Asad en el norte de la provincia de Latakia (noroeste del pa\u00eds), una zona escenario de enfrentamientos entre los efectivos gubernamentales y distintas facciones de tendencia islamista, entre las que figura el Frente al Nusra, filial de Al Qaeda en el pa\u00eds. Una milicia rebelde que\u00a0<strong>recibe del exterior misiles TOW estadounidenses<\/strong>\u00a0ha difundido\u00a0que sus combatientes han alcanzado el helic\u00f3ptero.<\/p>\n<div class=\"videoWrapper\"><\/div>\n<p>Desde que Mosc\u00fa lanz\u00f3 en septiembre una operaci\u00f3n en apoyo del r\u00e9gimen de Bashar al Asad, <strong>Turqu\u00eda<\/strong>\u00a0-que suministra<strong> apoyo financiero y armament\u00edstico a las milicias opositoras sun\u00edes-<\/strong>\u00a0ha denunciado en repetidas ocasiones violaciones de su espacio a\u00e9reo por parte de naves rusas y advertido a Rusia\u00a0que derribar\u00eda los aviones\u00a0que volvieran a entrar sin autorizaci\u00f3n en su territorio. Ankara ya ha comenzado a presentar im\u00e1genes del <strong>rastro que dej\u00f3 en los radares<\/strong> el Su-24 ruso para\u00a0demostrar\u00a0la supuesta violaci\u00f3n de su\u00a0espacio a\u00e9reo.<\/p>\n<p><strong>Un ataque \u00abdesde tierra\u00bb<\/strong><\/p>\n<p>El avi\u00f3n cay\u00f3 en territorio sirio, en el <strong>norte de la provincia de Latakia<\/strong>, <strong>basti\u00f3n del r\u00e9gimen de Asad<\/strong> y\u00a0donde se encuentra la base rusa de Tart\u00fas, de gran importancia estrat\u00e9gica para Mosc\u00fa. Se trata del primer aparato\u00a0que pierde la agrupaci\u00f3n de las Fuerzas Aeroespaciales rusas desde que comenzaron\u00a0a bombardear\u00a0territorio sirio\u00a0bajo el paraguas de\u00a0una supuesta operaci\u00f3n contra\u00a0el autodenominado Estado Isl\u00e1mico, aunque el\u00a0<strong>80% de sus ataques ha\u00a0tenido como objetivo a los grupos opositores<\/strong>\u00a0que combaten al r\u00e9gimen de Asad (seg\u00fan un an\u00e1lisis de\u00a0la agencia Reuters basado\u00a0datos del Ministerio de Defensa ruso).<\/p>\n<p>\u00abEl avi\u00f3n volaba a 6.000 metros de altitud. Se est\u00e1 precisando la suerte que corrieron los pilotos, que seg\u00fan datos preliminares, <strong>lograron abandonar el aparato<\/strong>\u00ab, ha declarado\u00a0el Ministerio de Defensa ruso, que tambi\u00e9n asegura que el aparato fue derribado desde territorio sirio y <strong>por un ataque \u00abdesde tierra\u00bb.<\/strong><\/p>\n<h2>Otro escal\u00f3n en la &#8216;proxy war&#8217;<\/h2>\n<p>El derribo se ha producido despu\u00e9s de que Turqu\u00eda haya solicitado esta semana una reuni\u00f3n del Consejo de Seguridad de la ONU por los <strong>ataques contra fuerzas rebeldes turcomanas<\/strong> en la vecina Siria y de que la semana pasada Ankara convocara al embajador ruso para protestar por el bombardeo de sus localidades. En los \u00faltimos tres d\u00edas, unas 1.700 personas han huido de la zona monta\u00f1osa en la frontera con Turqu\u00eda por los combates, seg\u00fan revel\u00f3 este lunes un responsable turco. Los aviones rusos han bombardeado el \u00e1rea\u00a0en apoyo a las operaciones terrestres emprendidas por\u00a0las fuerzas de Asad.<\/p>\n<p>De nuevo, la guerra de Siria se erige\u00a0como el\u00a0<strong>ejemplo perfecto de una &#8216;proxy war&#8217;<\/strong>, una guerra donde las potencias combaten mediante terceros actores. Turqu\u00eda apoya a los rebeldes turcomanos, al igual que Arabia Saud\u00ed, Qatar,\u00a0Estados Unidos o Jordania han suministrado\u00a0asistencia financiera y armamento a las milicias opositoras. <strong>En el bando opuesto, Rusia e Ir\u00e1n<\/strong> (que mantiene una &#8216;guerra fr\u00eda&#8217; con Arabia Saud\u00ed por el control de Oriente Medio)\u00a0apoyan al r\u00e9gimen de Bashar al Asad.<\/p>\n<p>El suceso tambi\u00e9n supone un escal\u00f3n m\u00e1s en el <strong>aumento de la tensi\u00f3n entre Mosc\u00fa y Ankara<\/strong>. El 3 de octubre, un avi\u00f3n ruso de misi\u00f3n en Siria viol\u00f3 el espacio a\u00e9reo turco y fue interceptado por la aviaci\u00f3n, que le oblig\u00f3 a retirarse. El d\u00eda 4, otro avi\u00f3n ruso penetr\u00f3 en el espacio a\u00e9reo turco en un suceso similar, por lo que el secretario de Estado de Exteriores turco volvi\u00f3 a citar al embajador ruso para pedirle explicaciones. Un d\u00eda despu\u00e9s, la OTAN convoc\u00f3 una reuni\u00f3n para evaluar la incursi\u00f3n, <strong>un hecho que la Alianza considera \u00abinaceptable\u00bb<\/strong>. Rusia reconoci\u00f3 entonces que uno de sus aviones viol\u00f3 el espacio a\u00e9reo turco y lo achac\u00f3 a las malas condiciones meteorol\u00f3gicas, aunque garantiz\u00f3 que ya se hab\u00edan tomado las medidas oportunas para que incidentes como ese no se repitieran en el futuro. El d\u00eda 6, Turqu\u00eda denunci\u00f3 la segunda violaci\u00f3n en tres d\u00edas de su espacio a\u00e9reo por parte de aviones militares rusos, lo que motiv\u00f3\u00a0una nueva queja diplom\u00e1tica. Finalmente, <strong>el 16, Ankara derrib\u00f3 un dron<\/strong> (avi\u00f3n no tripulado) cerca de la frontera con Siria. Funcionarios estadounidenses creen que el aparato era de origen ruso, seg\u00fan informaron fuentes del Gobierno de EEUU\u00a0al diario &#8216;The Washington Post&#8217; y la cadena CNN.<\/p>\n<p>En marzo de 2014, Turqu\u00eda derrib\u00f3 un caza de combate sirio despu\u00e9s de que entrase en\u00a0su espacio a\u00e9reo, seg\u00fan reconoci\u00f3 el entonces primer ministro, Recep Tayyip Erdogan. \u00abNuestro F-16 emprendi\u00f3 el vuelo y derrib\u00f3 ese avi\u00f3n. \u00bfPor qu\u00e9? Porque <strong>si violas mi espacio a\u00e9reo, de ahora en adelante te golpearemos con fuerza<\/strong>\u00ab, dijo el ahora presidente durante un mitin electoral.<\/p>\n<p>F. El Confidencial.<\/p>\n","protected":false},"excerpt":{"rendered":"<p>EE.UU. La ONU pide \u00abmedidas urgentes\u00bb,\u00a0Barack Obama afirma que Turqu\u00eda \u00abtiene derecho a defender su espacio a\u00e9reo\u00bb y Vladimir Putin acusa a Ankara de \u00abcomplicidad con los terroristas\u00ab. El derribo por parte de las Fuerzas A\u00e9reas turcas de un\u00a0un cazabombardero\u00a0ruso\u00a0que supuestamente habr\u00eda violado su\u00a0espacio a\u00e9reo cerca de la frontera turco-siria ha recrudecido el pulso entre [&hellip;]<\/p>\n","protected":false},"author":7,"featured_media":33941,"comment_status":"open","ping_status":"open","sticky":false,"template":"","format":"standard","meta":{"footnotes":""},"categories":[40],"tags":[],"class_list":["post-33938","post","type-post","status-publish","format-standard","has-post-thumbnail","hentry","category-internacionales"],"_links":{"self":[{"href":"https:\/\/2horizontes.com\/index.php?rest_route=\/wp\/v2\/posts\/33938","targetHints":{"allow":["GET"]}}],"collection":[{"href":"https:\/\/2horizontes.com\/index.php?rest_route=\/wp\/v2\/posts"}],"about":[{"href":"https:\/\/2horizontes.com\/index.php?rest_route=\/wp\/v2\/types\/post"}],"author":[{"embeddable":true,"href":"https:\/\/2horizontes.com\/index.php?rest_route=\/wp\/v2\/users\/7"}],"replies":[{"embeddable":true,"href":"https:\/\/2horizontes.com\/index.php?rest_route=%2Fwp%2Fv2%2Fcomments&post=33938"}],"version-history":[{"count":2,"href":"https:\/\/2horizontes.com\/index.php?rest_route=\/wp\/v2\/posts\/33938\/revisions"}],"predecessor-version":[{"id":33948,"href":"https:\/\/2horizontes.com\/index.php?rest_route=\/wp\/v2\/posts\/33938\/revisions\/33948"}],"wp:featuredmedia":[{"embeddable":true,"href":"https:\/\/2horizontes.com\/index.php?rest_route=\/wp\/v2\/media\/33941"}],"wp:attachment":[{"href":"https:\/\/2horizontes.com\/index.php?rest_route=%2Fwp%2Fv2%2Fmedia&parent=33938"}],"wp:term":[{"taxonomy":"category","embeddable":true,"href":"https:\/\/2horizontes.com\/index.php?rest_route=%2Fwp%2Fv2%2Fcategories&post=33938"},{"taxonomy":"post_tag","embeddable":true,"href":"https:\/\/2horizontes.com\/index.php?rest_route=%2Fwp%2Fv2%2Ftags&post=33938"}],"curies":[{"name":"wp","href":"https:\/\/api.w.org\/{rel}","templated":true}]}}