{"id":33936,"date":"2015-11-24T20:35:24","date_gmt":"2015-11-24T19:35:24","guid":{"rendered":"http:\/\/2horizontes.com\/?p=33936"},"modified":"2015-11-24T20:35:24","modified_gmt":"2015-11-24T19:35:24","slug":"juramentan-directiva-camara-de-comercio-en-neiba-rd","status":"publish","type":"post","link":"https:\/\/2horizontes.com\/?p=33936","title":{"rendered":"Juramentan directiva C\u00e1mara de Comercio en Neiba RD"},"content":{"rendered":"<p>RD-NEIBA.- Fue juramentada la directiva de la C\u00e1mara de Comercio y Producci\u00f3n de la Provincia Bahoruco, que guiar\u00e1 los destinos de la entidad en el periodo 2015-2017.<\/p>\n<p>Francisco Jim\u00e9nez Reyes presidente del comit\u00e9 gestor, dijo que la directiva, encabezada por Rafael Le\u00f3nidas Batista, est\u00e1 compuesta por once de los treinta y ocho miembros.<\/p>\n<p>Los directivos fueron juramentados por el Vicepresidente de la Federaci\u00f3n Dominicana de C\u00e1maras de Comercio (FEDOCAMARA), Ram\u00f3n De Lo Santos, quien presidi\u00f3 la Comisi\u00f3n Electoral.<\/p>\n<p>La bendici\u00f3n del acto estuvo a cargo del pastor C\u00e9sar Matos, presidente de la Asociaci\u00f3n de Pastores de la Provincia Bahoruco, mientras que las palabras de bienvenida estuvieron a cargo de Jim\u00e9nez Reyes.<\/p>\n","protected":false},"excerpt":{"rendered":"<p>RD-NEIBA.- Fue juramentada la directiva de la C\u00e1mara de Comercio y Producci\u00f3n de la Provincia Bahoruco, que guiar\u00e1 los destinos de la entidad en el periodo 2015-2017. Francisco Jim\u00e9nez Reyes presidente del comit\u00e9 gestor, dijo que la directiva, encabezada por Rafael Le\u00f3nidas Batista, est\u00e1 compuesta por once de los treinta y ocho miembros. Los directivos [&hellip;]<\/p>\n","protected":false},"author":8,"featured_media":33939,"comment_status":"open","ping_status":"open","sticky":false,"template":"","format":"standard","meta":{"footnotes":""},"categories":[53,44],"tags":[],"class_list":["post-33936","post","type-post","status-publish","format-standard","has-post-thumbnail","hentry","category-provincias","category-republica-dominicana"],"_links":{"self":[{"href":"https:\/\/2horizontes.com\/index.php?rest_route=\/wp\/v2\/posts\/33936","targetHints":{"allow":["GET"]}}],"collection":[{"href":"https:\/\/2horizontes.com\/index.php?rest_route=\/wp\/v2\/posts"}],"about":[{"href":"https:\/\/2horizontes.com\/index.php?rest_route=\/wp\/v2\/types\/post"}],"author":[{"embeddable":true,"href":"https:\/\/2horizontes.com\/index.php?rest_route=\/wp\/v2\/users\/8"}],"replies":[{"embeddable":true,"href":"https:\/\/2horizontes.com\/index.php?rest_route=%2Fwp%2Fv2%2Fcomments&post=33936"}],"version-history":[{"count":1,"href":"https:\/\/2horizontes.com\/index.php?rest_route=\/wp\/v2\/posts\/33936\/revisions"}],"predecessor-version":[{"id":33945,"href":"https:\/\/2horizontes.com\/index.php?rest_route=\/wp\/v2\/posts\/33936\/revisions\/33945"}],"wp:featuredmedia":[{"embeddable":true,"href":"https:\/\/2horizontes.com\/index.php?rest_route=\/wp\/v2\/media\/33939"}],"wp:attachment":[{"href":"https:\/\/2horizontes.com\/index.php?rest_route=%2Fwp%2Fv2%2Fmedia&parent=33936"}],"wp:term":[{"taxonomy":"category","embeddable":true,"href":"https:\/\/2horizontes.com\/index.php?rest_route=%2Fwp%2Fv2%2Fcategories&post=33936"},{"taxonomy":"post_tag","embeddable":true,"href":"https:\/\/2horizontes.com\/index.php?rest_route=%2Fwp%2Fv2%2Ftags&post=33936"}],"curies":[{"name":"wp","href":"https:\/\/api.w.org\/{rel}","templated":true}]}}