{"id":33930,"date":"2015-11-24T20:16:03","date_gmt":"2015-11-24T19:16:03","guid":{"rendered":"http:\/\/2horizontes.com\/?p=33930"},"modified":"2015-11-24T20:16:03","modified_gmt":"2015-11-24T19:16:03","slug":"intensificaran-seguridad-centros-comerciales-en-viernes-negro-rd","status":"publish","type":"post","link":"https:\/\/2horizontes.com\/?p=33930","title":{"rendered":"Intensificaran seguridad centros comerciales en \u201cviernes negro\u201d RD"},"content":{"rendered":"<p>RD-SANTO DOMINGO.- La Polic\u00eda ampliar\u00e1 la seguridad en los centros comerciales que anunciaron ofertas para este \u201cviernes negro\u201d.<\/p>\n<p>M\u00e1ximo B\u00e1ez Aybar, vocero de la Uniformada, explic\u00f3 que el prop\u00f3sito de la medida es evitar que sean atracadas las personas que aprovechan ese d\u00eda para realizar compras.<\/p>\n<p>Inform\u00f3 que los agentes estar\u00e1n en los centros comerciales desde temprano para brindar asistencia y protecci\u00f3n a los ciudadanos y que\u00a0el patrullaje ser\u00e1 desde dichos centros hasta la entrada de los principales sectores y residenciales.<\/p>\n<p>\u201cSe ha estado dise\u00f1ando todo un plan integral en esos lugares donde estar\u00e1n las ofertas y en los principales corredores y avenidas, para garantizar el tr\u00e1nsito seguro\u201d, subray\u00f3.<\/p>\n","protected":false},"excerpt":{"rendered":"<p>RD-SANTO DOMINGO.- La Polic\u00eda ampliar\u00e1 la seguridad en los centros comerciales que anunciaron ofertas para este \u201cviernes negro\u201d. M\u00e1ximo B\u00e1ez Aybar, vocero de la Uniformada, explic\u00f3 que el prop\u00f3sito de la medida es evitar que sean atracadas las personas que aprovechan ese d\u00eda para realizar compras. Inform\u00f3 que los agentes estar\u00e1n en los centros comerciales [&hellip;]<\/p>\n","protected":false},"author":8,"featured_media":33931,"comment_status":"open","ping_status":"open","sticky":false,"template":"","format":"standard","meta":{"footnotes":""},"categories":[63,44],"tags":[],"class_list":["post-33930","post","type-post","status-publish","format-standard","has-post-thumbnail","hentry","category-economia","category-republica-dominicana"],"_links":{"self":[{"href":"https:\/\/2horizontes.com\/index.php?rest_route=\/wp\/v2\/posts\/33930","targetHints":{"allow":["GET"]}}],"collection":[{"href":"https:\/\/2horizontes.com\/index.php?rest_route=\/wp\/v2\/posts"}],"about":[{"href":"https:\/\/2horizontes.com\/index.php?rest_route=\/wp\/v2\/types\/post"}],"author":[{"embeddable":true,"href":"https:\/\/2horizontes.com\/index.php?rest_route=\/wp\/v2\/users\/8"}],"replies":[{"embeddable":true,"href":"https:\/\/2horizontes.com\/index.php?rest_route=%2Fwp%2Fv2%2Fcomments&post=33930"}],"version-history":[{"count":1,"href":"https:\/\/2horizontes.com\/index.php?rest_route=\/wp\/v2\/posts\/33930\/revisions"}],"predecessor-version":[{"id":33932,"href":"https:\/\/2horizontes.com\/index.php?rest_route=\/wp\/v2\/posts\/33930\/revisions\/33932"}],"wp:featuredmedia":[{"embeddable":true,"href":"https:\/\/2horizontes.com\/index.php?rest_route=\/wp\/v2\/media\/33931"}],"wp:attachment":[{"href":"https:\/\/2horizontes.com\/index.php?rest_route=%2Fwp%2Fv2%2Fmedia&parent=33930"}],"wp:term":[{"taxonomy":"category","embeddable":true,"href":"https:\/\/2horizontes.com\/index.php?rest_route=%2Fwp%2Fv2%2Fcategories&post=33930"},{"taxonomy":"post_tag","embeddable":true,"href":"https:\/\/2horizontes.com\/index.php?rest_route=%2Fwp%2Fv2%2Ftags&post=33930"}],"curies":[{"name":"wp","href":"https:\/\/api.w.org\/{rel}","templated":true}]}}