{"id":33927,"date":"2015-11-24T20:23:02","date_gmt":"2015-11-24T19:23:02","guid":{"rendered":"http:\/\/2horizontes.com\/?p=33927"},"modified":"2015-11-24T20:23:02","modified_gmt":"2015-11-24T19:23:02","slug":"fotos-violo-y-mato-a-su-profesora-y-la-saco-entre-la-basura","status":"publish","type":"post","link":"https:\/\/2horizontes.com\/?p=33927","title":{"rendered":"Fotos: viol\u00f3 y mat\u00f3 a su profesora y la sac\u00f3 entre la basura"},"content":{"rendered":"<figure class=\"hmedia\"><figcaption class=\"photocredit fn credit  copyNone\"><b><\/b><\/figcaption><\/figure>\n<div>\n<div id=\"2123276-Mediano-1808311589_wrap\" class=\"embed_cont type_imagen\">\n<div class=\"embed_content\"><b>Danvers.-<\/b>Distintos videos registrados con c\u00e1maras de seguridad de la escuela <b>Danvers High School<\/b>, conocidos en estos d\u00edas durante las primeras audiencias, permiten reconstruir c\u00f3mo fue el atroz homicidio de la docentes, ocurrido el 22 de octubre de 2013.<\/div>\n<div id=\"2123276-Mediano-1808311589_content\" class=\"embed_content\"><img decoding=\"async\" id=\"2123276-Mediano-1808311589_embed\" src=\"http:\/\/cdn01.am.infobae.com\/adjuntos\/163\/infografia\/013\/812\/0013812210.jpg?0000-00-00-00-00-00\" alt=\"\" \/><\/div>\n<div id=\"2123276-Mediano-1808311589_epigrafe\" class=\"embed_epigrafe\">El estudiante, de 14 a\u00f1os en ese momento, lleva el cuerpo a un bosque cercano a la escuela<\/div>\n<div id=\"2123276-Mediano-1808311589_copyright\" class=\"embed_copyright\"><\/div>\n<\/div>\n<\/div>\n<div><b>Philip Chism<\/b>, que hoy tiene 16 a\u00f1os, pero entonces ten\u00eda 14, admiti\u00f3 todos los cargos que se le imputan. Pero su abogada sostiene que es inimputable, porque en ese momento atravesaba un brote psic\u00f3tico.<\/div>\n<div><\/div>\n<div>\n<div id=\"2123277-Mediano-2112688119_wrap\" class=\"embed_cont type_imagen\">\n<div id=\"2123277-Mediano-2112688119_content\" class=\"embed_content\"><img decoding=\"async\" id=\"2123277-Mediano-2112688119_embed\" src=\"http:\/\/cdn01.am.infobae.com\/adjuntos\/163\/infografia\/013\/812\/0013812215.jpg?0000-00-00-00-00-00\" alt=\"\" \/><\/div>\n<div id=\"2123277-Mediano-2112688119_epigrafe\" class=\"embed_epigrafe\">Antes, la hab\u00eda violado y asesinado en el ba\u00f1o del colegio<\/div>\n<div id=\"2123277-Mediano-2112688119_copyright\" class=\"embed_copyright\"><\/div>\n<\/div>\n<\/div>\n<div>Las primeras im\u00e1genes se vieron el jueves de la semana pasada, el primer d\u00eda del juicio. All\u00ed se pod\u00eda ver al estudiante salir del aula y seguir por un pasillo a <b>Colleen Ritzer<\/b>, su profesora de matem\u00e1tica.<\/div>\n<div><\/div>\n<div>\n<div id=\"2123273-Mediano-107456077_wrap\" class=\"embed_cont type_imagen\">\n<div id=\"2123273-Mediano-107456077_content\" class=\"embed_content\"><img decoding=\"async\" id=\"2123273-Mediano-107456077_embed\" src=\"http:\/\/cdn01.am.infobae.com\/adjuntos\/163\/infografia\/013\/812\/0013812195.jpg?0000-00-00-00-00-00\" alt=\"\" \/><\/div>\n<div id=\"2123273-Mediano-107456077_epigrafe\" class=\"embed_epigrafe\">Colleen Ritzer ten\u00eda 24 a\u00f1os<\/div>\n<div id=\"2123273-Mediano-107456077_copyright\" class=\"embed_copyright\"><\/div>\n<\/div>\n<\/div>\n<div>Luego de que ella ingres\u00f3 en el ba\u00f1o, \u00e9l se puso una capucha y unos guantes, y entonces entr\u00f3 tambi\u00e9n. All\u00ed <b>la viol\u00f3, la mat\u00f3 y le rob\u00f3 las pertenencias<\/b>. Luego, puso su cuerpo en un contenedor de basura.<\/div>\n<div><\/div>\n<div>\n<div id=\"2123271-Mediano-166607543_wrap\" class=\"embed_cont type_imagen\">\n<div id=\"2123271-Mediano-166607543_content\" class=\"embed_content\"><img decoding=\"async\" id=\"2123271-Mediano-166607543_embed\" src=\"http:\/\/cdn01.am.infobae.com\/adjuntos\/163\/infografia\/013\/812\/0013812185.jpg?0000-00-00-00-00-00\" alt=\"\" \/><\/div>\n<div id=\"2123271-Mediano-166607543_epigrafe\" class=\"embed_epigrafe\">La imagen de Chism tras deshacerse del cuerpo, con el pantal\u00f3n ensangrentado<\/div>\n<div id=\"2123271-Mediano-166607543_copyright\" class=\"embed_copyright\"><\/div>\n<\/div>\n<\/div>\n<div>En otras im\u00e1genes, difundidas este lunes 23, se pudo apreciar c\u00f3mo traslad\u00f3 el dep\u00f3sito de residuos con el cad\u00e1ver adentro. Lo llev\u00f3 hasta un bosque situado a metros de la escuela. All\u00ed lo enterr\u00f3.<\/div>\n<div><\/div>\n<div>\n<div id=\"2123275-Mediano-834423056_wrap\" class=\"embed_cont type_imagen\">\n<div id=\"2123275-Mediano-834423056_content\" class=\"embed_content\"><img decoding=\"async\" id=\"2123275-Mediano-834423056_embed\" src=\"http:\/\/cdn01.am.infobae.com\/adjuntos\/163\/infografia\/013\/812\/0013812205.jpg?0000-00-00-00-00-00\" alt=\"\" \/><\/div>\n<div id=\"2123275-Mediano-834423056_epigrafe\" class=\"embed_epigrafe\">Abbey Scott, perito de la polic\u00eda, sostiene la evidencia del pantal\u00f3n durante el juicio<\/div>\n<div id=\"2123275-Mediano-834423056_copyright\" class=\"embed_copyright\">AP<\/div>\n<\/div>\n<\/div>\n<div>Luego se supo que por la tarde fue al cine a ver la pel\u00edcula <i>Gravity<\/i>, protagonizada por Sandra Bullock. Compr\u00f3 la entrada con una tarjeta de cr\u00e9dito que estaba a nombre de Ritzer.<\/div>\n<div><\/div>\n<div>\n<div id=\"2123272-Mediano-1251091749_wrap\" class=\"embed_cont type_imagen\">\n<div id=\"2123272-Mediano-1251091749_content\" class=\"embed_content\"><img decoding=\"async\" id=\"2123272-Mediano-1251091749_embed\" src=\"http:\/\/cdn01.am.infobae.com\/adjuntos\/163\/infografia\/013\/812\/0013812190.jpg?0000-00-00-00-00-00\" alt=\"\" \/><\/div>\n<div id=\"2123272-Mediano-1251091749_epigrafe\" class=\"embed_epigrafe\">La abogada del asesino admiti\u00f3 los cargos, pero dice que su cliente es inimputable<\/div>\n<div id=\"2123272-Mediano-1251091749_copyright\" class=\"embed_copyright\">AP<\/div>\n<\/div>\n<\/div>\n<div>La fiscal\u00eda encontr\u00f3 otras pruebas concluyentes, como <b>el pantal\u00f3n de Chism ensangrentado<\/b>. Tambi\u00e9n hallaron en su bolso un c\u00fater con sangre de la docente.<\/div>\n<div><\/div>\n<div>F. Infobae.<\/div>\n","protected":false},"excerpt":{"rendered":"<p>Danvers.-Distintos videos registrados con c\u00e1maras de seguridad de la escuela Danvers High School, conocidos en estos d\u00edas durante las primeras audiencias, permiten reconstruir c\u00f3mo fue el atroz homicidio de la docentes, ocurrido el 22 de octubre de 2013. El estudiante, de 14 a\u00f1os en ese momento, lleva el cuerpo a un bosque cercano a la [&hellip;]<\/p>\n","protected":false},"author":7,"featured_media":33934,"comment_status":"open","ping_status":"open","sticky":false,"template":"","format":"standard","meta":{"footnotes":""},"categories":[55,40],"tags":[],"class_list":["post-33927","post","type-post","status-publish","format-standard","has-post-thumbnail","hentry","category-educacion","category-internacionales"],"_links":{"self":[{"href":"https:\/\/2horizontes.com\/index.php?rest_route=\/wp\/v2\/posts\/33927","targetHints":{"allow":["GET"]}}],"collection":[{"href":"https:\/\/2horizontes.com\/index.php?rest_route=\/wp\/v2\/posts"}],"about":[{"href":"https:\/\/2horizontes.com\/index.php?rest_route=\/wp\/v2\/types\/post"}],"author":[{"embeddable":true,"href":"https:\/\/2horizontes.com\/index.php?rest_route=\/wp\/v2\/users\/7"}],"replies":[{"embeddable":true,"href":"https:\/\/2horizontes.com\/index.php?rest_route=%2Fwp%2Fv2%2Fcomments&post=33927"}],"version-history":[{"count":1,"href":"https:\/\/2horizontes.com\/index.php?rest_route=\/wp\/v2\/posts\/33927\/revisions"}],"predecessor-version":[{"id":33935,"href":"https:\/\/2horizontes.com\/index.php?rest_route=\/wp\/v2\/posts\/33927\/revisions\/33935"}],"wp:featuredmedia":[{"embeddable":true,"href":"https:\/\/2horizontes.com\/index.php?rest_route=\/wp\/v2\/media\/33934"}],"wp:attachment":[{"href":"https:\/\/2horizontes.com\/index.php?rest_route=%2Fwp%2Fv2%2Fmedia&parent=33927"}],"wp:term":[{"taxonomy":"category","embeddable":true,"href":"https:\/\/2horizontes.com\/index.php?rest_route=%2Fwp%2Fv2%2Fcategories&post=33927"},{"taxonomy":"post_tag","embeddable":true,"href":"https:\/\/2horizontes.com\/index.php?rest_route=%2Fwp%2Fv2%2Ftags&post=33927"}],"curies":[{"name":"wp","href":"https:\/\/api.w.org\/{rel}","templated":true}]}}