{"id":33924,"date":"2015-11-24T20:11:23","date_gmt":"2015-11-24T19:11:23","guid":{"rendered":"http:\/\/2horizontes.com\/?p=33924"},"modified":"2015-11-24T23:20:08","modified_gmt":"2015-11-24T22:20:08","slug":"amet-hara-operativo-especial-para-agilizar-tansito-en-viernes-negro-rd","status":"publish","type":"post","link":"https:\/\/2horizontes.com\/?p=33924","title":{"rendered":"AMET har\u00e1 operativo especial para agilizar tr\u00e1nsito en \u201cviernes negro\u201d RD"},"content":{"rendered":"<p>RD-SANTO DOMINGO.- La Autoridad Metropolitana de Transporte (AMET) implementar\u00e1 desde este jueves un plan operativo especial para agilizar el tr\u00e1nsito en los alrededores de centros comerciales del Gran Santo Domingo y otras ciudades del interior durante la celebraci\u00f3n del denominado \u201cviernes negro\u201d.<\/p>\n<p>El general Frener Bello Arias, director de dicha instituci\u00f3n, explic\u00f3 que \u201cpara lograr el \u00e9xito de la medida, ordenamos al personal del Departamento de Planificaci\u00f3n y Desarrollo que realice un levantamiento de las zonas donde se espera que mayor flujo de ciudadanos realizando compras visiten\u201d.<\/p>\n<p>\u201cProcuramos evitar congestionamientos del tr\u00e1nsito en las principales arterias comerciales para que los ciudadanos puedan movilizarse sin mayores contratiempos\u201d, precis\u00f3.<\/p>\n<p>Asimismo, exhort\u00f3 a los conductores a que respeten las se\u00f1ales de tr\u00e1nsito y las medidas que ser\u00e1n adoptadas en las pr\u00f3ximas horas.<\/p>\n","protected":false},"excerpt":{"rendered":"<p>RD-SANTO DOMINGO.- La Autoridad Metropolitana de Transporte (AMET) implementar\u00e1 desde este jueves un plan operativo especial para agilizar el tr\u00e1nsito en los alrededores de centros comerciales del Gran Santo Domingo y otras ciudades del interior durante la celebraci\u00f3n del denominado \u201cviernes negro\u201d. El general Frener Bello Arias, director de dicha instituci\u00f3n, explic\u00f3 que \u201cpara lograr [&hellip;]<\/p>\n","protected":false},"author":8,"featured_media":33928,"comment_status":"open","ping_status":"open","sticky":false,"template":"","format":"standard","meta":{"footnotes":""},"categories":[44],"tags":[],"class_list":["post-33924","post","type-post","status-publish","format-standard","has-post-thumbnail","hentry","category-republica-dominicana"],"_links":{"self":[{"href":"https:\/\/2horizontes.com\/index.php?rest_route=\/wp\/v2\/posts\/33924","targetHints":{"allow":["GET"]}}],"collection":[{"href":"https:\/\/2horizontes.com\/index.php?rest_route=\/wp\/v2\/posts"}],"about":[{"href":"https:\/\/2horizontes.com\/index.php?rest_route=\/wp\/v2\/types\/post"}],"author":[{"embeddable":true,"href":"https:\/\/2horizontes.com\/index.php?rest_route=\/wp\/v2\/users\/8"}],"replies":[{"embeddable":true,"href":"https:\/\/2horizontes.com\/index.php?rest_route=%2Fwp%2Fv2%2Fcomments&post=33924"}],"version-history":[{"count":2,"href":"https:\/\/2horizontes.com\/index.php?rest_route=\/wp\/v2\/posts\/33924\/revisions"}],"predecessor-version":[{"id":33975,"href":"https:\/\/2horizontes.com\/index.php?rest_route=\/wp\/v2\/posts\/33924\/revisions\/33975"}],"wp:featuredmedia":[{"embeddable":true,"href":"https:\/\/2horizontes.com\/index.php?rest_route=\/wp\/v2\/media\/33928"}],"wp:attachment":[{"href":"https:\/\/2horizontes.com\/index.php?rest_route=%2Fwp%2Fv2%2Fmedia&parent=33924"}],"wp:term":[{"taxonomy":"category","embeddable":true,"href":"https:\/\/2horizontes.com\/index.php?rest_route=%2Fwp%2Fv2%2Fcategories&post=33924"},{"taxonomy":"post_tag","embeddable":true,"href":"https:\/\/2horizontes.com\/index.php?rest_route=%2Fwp%2Fv2%2Ftags&post=33924"}],"curies":[{"name":"wp","href":"https:\/\/api.w.org\/{rel}","templated":true}]}}