{"id":33906,"date":"2015-11-24T19:21:18","date_gmt":"2015-11-24T18:21:18","guid":{"rendered":"http:\/\/2horizontes.com\/?p=33906"},"modified":"2015-11-24T19:27:10","modified_gmt":"2015-11-24T18:27:10","slug":"atentado-contra-un-bus-de-la-guardia-presidencial-en-tunez-hay-muertos","status":"publish","type":"post","link":"https:\/\/2horizontes.com\/?p=33906","title":{"rendered":"Atentado contra un bus de la guardia presidencial en T\u00fanez: hay once muertos"},"content":{"rendered":"<p>T\u00fanez<\/p>\n<p>Al menos once personas murieron hoy al explotar un artefacto al paso de un autob\u00fas de la guardia presidencial por el centro de T\u00fanez capital. Seg\u00fan el relato de la fuerza de seguridad, a\u00fan no confirmado por fuentes oficiales, <b>se trata de un atentado perpetrado por un suicida, que hizo estallar una bomba cuando el autob\u00fas pasaba frente a la sede de antiguo partido del dictador derrocado Zinedin el Abedin Ben Ali,<\/b> en la concurrida avenida Mohamed V.<\/p>\n<p>Walid Louguini, portavoz del Ministerio del Interior, ha indicado a la prensa local que la primera informaci\u00f3n apunta a que hay al menos once personas muertas.<\/p>\n<p>Hasta el lugar, que ha sido ya acordonado, <b>se han desplazado varias ambulancias y decenas de polic\u00edas, que han iniciado las investigaciones.<\/b><\/p>\n<p>T\u00fanez ha sido escenario este a\u00f1o de dos atentados yihadistas, uno en marzo y otro en junio, que ten\u00edan como objetivo el turismo y que terminaron con la vida de 60 visitantes extranjeros en la capital y en la ciudad costera de Susa.<\/p>\n<p>En el \u00faltimo mes y medio, <b>las fuerzas de seguridad tunecinas han anunciado el desmantelamiento <\/b>de m\u00e1s de una decena de supuestas c\u00e9lulas yihadistas y detenido a m\u00e1s de medio centenar de sospechosos en todo el pa\u00eds.<\/p>\n<p>Adem\u00e1s, en las \u00faltimas semanas hab\u00edan puesto la ciudad en estado de alerta y anunciado que hab\u00edan impedido ataques y procedido a detenciones en la avenida Habib Bourguiba, otra de las principales arterias de la capital.<\/p>\n<p>El salafismo radical ha rebrotado en T\u00fanez desde que en 2011 la llamada Revoluci\u00f3n del jazm\u00edn derrocara la dictadura del huido Ben Ali. Desde entonces, grupos yihadistas se han asentado en la regi\u00f3n de Kasserine, convertida en centro de reuni\u00f3n de radicales de todo el Magreb.<\/p>\n<p>T\u00fanez es, adem\u00e1s, el primer pa\u00eds del mundo en n\u00famero de voluntarios que viajan a luchar junto al yihadista Estado Isl\u00e1mico (ISIS) en Siria, con m\u00e1s de 5.000 milicianos y colaboradores, de los que cerca de un 15 por ciento ha regresado.<\/p>\n<p>F. Infobae.<\/p>\n","protected":false},"excerpt":{"rendered":"<p>T\u00fanez Al menos once personas murieron hoy al explotar un artefacto al paso de un autob\u00fas de la guardia presidencial por el centro de T\u00fanez capital. Seg\u00fan el relato de la fuerza de seguridad, a\u00fan no confirmado por fuentes oficiales, se trata de un atentado perpetrado por un suicida, que hizo estallar una bomba cuando [&hellip;]<\/p>\n","protected":false},"author":7,"featured_media":33908,"comment_status":"open","ping_status":"open","sticky":false,"template":"","format":"standard","meta":{"footnotes":""},"categories":[86,40],"tags":[],"class_list":["post-33906","post","type-post","status-publish","format-standard","has-post-thumbnail","hentry","category-europa","category-internacionales"],"_links":{"self":[{"href":"https:\/\/2horizontes.com\/index.php?rest_route=\/wp\/v2\/posts\/33906","targetHints":{"allow":["GET"]}}],"collection":[{"href":"https:\/\/2horizontes.com\/index.php?rest_route=\/wp\/v2\/posts"}],"about":[{"href":"https:\/\/2horizontes.com\/index.php?rest_route=\/wp\/v2\/types\/post"}],"author":[{"embeddable":true,"href":"https:\/\/2horizontes.com\/index.php?rest_route=\/wp\/v2\/users\/7"}],"replies":[{"embeddable":true,"href":"https:\/\/2horizontes.com\/index.php?rest_route=%2Fwp%2Fv2%2Fcomments&post=33906"}],"version-history":[{"count":4,"href":"https:\/\/2horizontes.com\/index.php?rest_route=\/wp\/v2\/posts\/33906\/revisions"}],"predecessor-version":[{"id":33912,"href":"https:\/\/2horizontes.com\/index.php?rest_route=\/wp\/v2\/posts\/33906\/revisions\/33912"}],"wp:featuredmedia":[{"embeddable":true,"href":"https:\/\/2horizontes.com\/index.php?rest_route=\/wp\/v2\/media\/33908"}],"wp:attachment":[{"href":"https:\/\/2horizontes.com\/index.php?rest_route=%2Fwp%2Fv2%2Fmedia&parent=33906"}],"wp:term":[{"taxonomy":"category","embeddable":true,"href":"https:\/\/2horizontes.com\/index.php?rest_route=%2Fwp%2Fv2%2Fcategories&post=33906"},{"taxonomy":"post_tag","embeddable":true,"href":"https:\/\/2horizontes.com\/index.php?rest_route=%2Fwp%2Fv2%2Ftags&post=33906"}],"curies":[{"name":"wp","href":"https:\/\/api.w.org\/{rel}","templated":true}]}}