{"id":33904,"date":"2015-11-24T19:15:08","date_gmt":"2015-11-24T18:15:08","guid":{"rendered":"http:\/\/2horizontes.com\/?p=33904"},"modified":"2015-11-24T19:15:08","modified_gmt":"2015-11-24T18:15:08","slug":"cubanos-varados-en-costa-rica-los-ticos-nos-estan-apoyando","status":"publish","type":"post","link":"https:\/\/2horizontes.com\/?p=33904","title":{"rendered":"Cubanos varados en Costa Rica: \u00abLos ticos nos est\u00e1n apoyando\u00bb"},"content":{"rendered":"<p>En 2015 miles de cubanos se lanzaron a cruzar las Am\u00e9ricas.<\/p>\n<div class=\"hide-wrapper extra-content\">\n<p>Se estima que m\u00e1s de 9000 en lo que va de a\u00f1o dejaron Cuba para tratar de llegar a Estados Unidos.<\/p>\n<p>Para lograrlo la mayor\u00eda vuela hasta Ecuador, que no les exige un visado, y despu\u00e9s cruza los siete pa\u00edses que los separan de su sue\u00f1o, atravesando Centroam\u00e9rica.<\/p>\n<p>Pero el pasado 15 de noviembre Nicaragua cort\u00f3 esa ruta cerrando su frontera. Como consecuencia m\u00e1s de 1.500 migrantes cubanos se quedaron varados en distintos albergues en Costa Rica.<\/p>\n<p>&nbsp;<\/p>\n<ul class=\"story-body__unordered-list\">\n<li class=\"story-body__list-item\">\u00abBalseros en tierra firme\u00bb: la odisea de los miles de cubanos que atraviesan 8 pa\u00edses para llegar a EE.UU.<\/li>\n<\/ul>\n<div class=\"related-items\"><\/div>\n<\/div>\n","protected":false},"excerpt":{"rendered":"<p>En 2015 miles de cubanos se lanzaron a cruzar las Am\u00e9ricas. Se estima que m\u00e1s de 9000 en lo que va de a\u00f1o dejaron Cuba para tratar de llegar a Estados Unidos. Para lograrlo la mayor\u00eda vuela hasta Ecuador, que no les exige un visado, y despu\u00e9s cruza los siete pa\u00edses que los separan de [&hellip;]<\/p>\n","protected":false},"author":4,"featured_media":32962,"comment_status":"open","ping_status":"open","sticky":false,"template":"","format":"standard","meta":{"footnotes":""},"categories":[49,54,40],"tags":[],"class_list":["post-33904","post","type-post","status-publish","format-standard","has-post-thumbnail","hentry","category-cuba","category-emigrantes","category-internacionales"],"_links":{"self":[{"href":"https:\/\/2horizontes.com\/index.php?rest_route=\/wp\/v2\/posts\/33904","targetHints":{"allow":["GET"]}}],"collection":[{"href":"https:\/\/2horizontes.com\/index.php?rest_route=\/wp\/v2\/posts"}],"about":[{"href":"https:\/\/2horizontes.com\/index.php?rest_route=\/wp\/v2\/types\/post"}],"author":[{"embeddable":true,"href":"https:\/\/2horizontes.com\/index.php?rest_route=\/wp\/v2\/users\/4"}],"replies":[{"embeddable":true,"href":"https:\/\/2horizontes.com\/index.php?rest_route=%2Fwp%2Fv2%2Fcomments&post=33904"}],"version-history":[{"count":1,"href":"https:\/\/2horizontes.com\/index.php?rest_route=\/wp\/v2\/posts\/33904\/revisions"}],"predecessor-version":[{"id":33907,"href":"https:\/\/2horizontes.com\/index.php?rest_route=\/wp\/v2\/posts\/33904\/revisions\/33907"}],"wp:featuredmedia":[{"embeddable":true,"href":"https:\/\/2horizontes.com\/index.php?rest_route=\/wp\/v2\/media\/32962"}],"wp:attachment":[{"href":"https:\/\/2horizontes.com\/index.php?rest_route=%2Fwp%2Fv2%2Fmedia&parent=33904"}],"wp:term":[{"taxonomy":"category","embeddable":true,"href":"https:\/\/2horizontes.com\/index.php?rest_route=%2Fwp%2Fv2%2Fcategories&post=33904"},{"taxonomy":"post_tag","embeddable":true,"href":"https:\/\/2horizontes.com\/index.php?rest_route=%2Fwp%2Fv2%2Ftags&post=33904"}],"curies":[{"name":"wp","href":"https:\/\/api.w.org\/{rel}","templated":true}]}}