{"id":33898,"date":"2015-11-24T19:03:27","date_gmt":"2015-11-24T18:03:27","guid":{"rendered":"http:\/\/2horizontes.com\/?p=33898"},"modified":"2015-11-24T19:03:27","modified_gmt":"2015-11-24T18:03:27","slug":"turquia-derriba-avion-militar-ruso-violo-espacio-en-frontera-con-siria","status":"publish","type":"post","link":"https:\/\/2horizontes.com\/?p=33898","title":{"rendered":"Turqu\u00eda derriba avi\u00f3n militar ruso viol\u00f3 espacio en frontera con Siria"},"content":{"rendered":"<p>Turqu\u00eda derrib\u00f3 este martes un avi\u00f3n de combate ruso por violar en repetidas ocasiones su espacio a\u00e9reo y hacer caso omiso a las advertencias.<span id=\"more-232628\"><\/span><\/p>\n<p>El ej\u00e9rcito turco dijo\u00a0en un comunicado que un avi\u00f3n de combate no identificado viol\u00f3 repetidamente el espacio a\u00e9reo de Turqu\u00eda\u00a0en la regi\u00f3n de Hatay\u2019s Yaladag -cerca de la frontera con Siria- sobre las 9:20 horas (local). Tras emitir varias advertencias, dos F-16 turcos respondieron, seg\u00fan el comunicado. Seg\u00fan Turqu\u00eda, se lanzaron 10 advertencias al jet ruso.<\/p>\n<p>La agencia de noticias semioficial Anadolu cita fuentes presidenciales turcas reportando que un SU-24 ruso hab\u00eda sido \u201cgolpeado\u201d.<\/p>\n<p>Sin embargo,\u00a0la agencia estatal rusa Sputnik dijo que \u201cde acuerdo con informes preliminares, el avi\u00f3n fue abatido a tiros desde el suelo\u201d.<\/p>\n<p>Funcionarios rusos negaron que el avi\u00f3n haya violado el espacio a\u00e9reo turco.<\/p>\n<p>Seg\u00fan Anadolu, el jet ruso cay\u00f3 en el lado sirio de la frontera.<\/p>\n<p>El destino de los pilotos a\u00fan no est\u00e1 claro, aunque el Ministerio de Relaciones Exteriores ruso dijo que lograron saltar en paraca\u00eddas, seg\u00fan Sputnik.<\/p>\n<p>Siria est\u00e1 envuelta desde hace cuatro a\u00f1os y medio en una brutal guerra civil, que ha matado a cientos de miles de personas,\u00a0obligado\u00a0a millones a huir,\u00a0y arrasado ciudades enteras.<\/p>\n<p>Turqu\u00eda se opone con vehemencia al r\u00e9gimen sirio de Bachar al Asad. Rusia est\u00e1 apuntalando al r\u00e9gimen de Asad.<\/p>\n<p><strong>Un momento complicado<\/strong><\/p>\n<p>El derribo del avi\u00f3n ruso puede obstaculizar los esfuerzos para formar un frente unido contra el grupo terrorista ISIS seg\u00fan Sajjan Gohel, director de seguridad internacional de la Fundaci\u00f3n Asia-Pac\u00edfico.<\/p>\n<p>\u201cEs mucho lo \u00faltimo que se necesita en este momento, sobre todo a ra\u00edz de los atentados de Par\u00eds, cuando hab\u00eda esperanza de que Rusia podr\u00eda formar una alianza con Francia y con Estados Unidos en contra de ISIS\u201d, dijo Gohel. \u201cEsto va a complicar las cosas. Esto va a a\u00f1adir tensiones innecesarias que realmente no eran necesarios en esta coyuntura cr\u00edtica.\u201d<\/p>\n<p>Turqu\u00eda ha acusado varias veces\u00a0a Rusia de interferir en su espacio a\u00e9reo. \u201cEllos los han amenazado en el pasado Y aunque las relaciones econ\u00f3micas entre los dos pa\u00edses son fuertes, pol\u00edticamente, ha habido tensiones recientemente\u201d, dijo Gohel.<\/p>\n<p><strong>La OTAN monitorea de cerca la situaci\u00f3n<\/strong><\/p>\n<p>Turqu\u00eda es miembro de la alianza militar de la OTAN, que considera un ataque a un miembro como un ataque contra todos.<\/p>\n<p>El Consejo de la Alianza sostendr\u00e1 una reuni\u00f3n de emergencia este martes para discutir el incidente.<\/p>\n<p>Un funcionario de la OTAN dijo a CNN que la alianza estaba monitoreando de cerca los acontecimientos y que estaban en contacto con las autoridades turcas. No hicieron comentarios sobre un posible contacto con Rusia.<\/p>\n<p><strong>Turqu\u00eda derrib\u00f3 un avi\u00f3n\u00a0sirio antes<\/strong><\/p>\n<p>En marzo de 2014, Turqu\u00eda derrib\u00f3 un avi\u00f3n de combate sirio despu\u00e9s de que el\u00a0jet\u00a0de guerra se perdi\u00f3 en su espacio a\u00e9reo, de acuerdo con el entonces primer ministro, Recep Tayyip Erdogan. Erdogan es ahora presidente del pa\u00eds.<\/p>\n<p>\u201cNuestros aviones F-16 derribaron ese avi\u00f3n. \u00bfPor qu\u00e9? Porque si usted viola mi espacio a\u00e9reo, a continuaci\u00f3n, a partir de ahora, nuestra bofetada va a ser dura\u201d, dijo Erdogan a sus partidarios en un mitin de campa\u00f1a en 2014.<\/p>\n<p>Pero medios de comunicaci\u00f3n estatales sirios lo llamaron un acto de \u201cagresi\u00f3n flagrante\u201d y dijeron que el avi\u00f3n derribado volaba sobre el norte de Siria.<\/p>\n<p><strong>Putin acusa a Turqu\u00eda de ser \u201cc\u00f3mplice del terrorismo\u201d<\/strong><\/p>\n<p>El presidente ruso, Vlad\u00edmir Putin, acus\u00f3 a las autoridades turcas de ser \u201cc\u00f3mplices del terrorismo\u201d tras el derribo del bombardero.<\/p>\n<p>\u201cEste suceso se sale de los marcos de la lucha contra el terrorismo. Pero la p\u00e9rdida de hoy est\u00e1 vinculada con un golpe que nos han dado a traici\u00f3n c\u00f3mplices del terrorismo\u201d, afirm\u00f3 Putin al reunirse con el rey Abdal\u00e1 II de Jordania, seg\u00fan medios locales.<\/p>\n","protected":false},"excerpt":{"rendered":"<p>Turqu\u00eda derrib\u00f3 este martes un avi\u00f3n de combate ruso por violar en repetidas ocasiones su espacio a\u00e9reo y hacer caso omiso a las advertencias. El ej\u00e9rcito turco dijo\u00a0en un comunicado que un avi\u00f3n de combate no identificado viol\u00f3 repetidamente el espacio a\u00e9reo de Turqu\u00eda\u00a0en la regi\u00f3n de Hatay\u2019s Yaladag -cerca de la frontera con Siria- [&hellip;]<\/p>\n","protected":false},"author":8,"featured_media":33899,"comment_status":"open","ping_status":"open","sticky":false,"template":"","format":"standard","meta":{"footnotes":""},"categories":[40],"tags":[],"class_list":["post-33898","post","type-post","status-publish","format-standard","has-post-thumbnail","hentry","category-internacionales"],"_links":{"self":[{"href":"https:\/\/2horizontes.com\/index.php?rest_route=\/wp\/v2\/posts\/33898","targetHints":{"allow":["GET"]}}],"collection":[{"href":"https:\/\/2horizontes.com\/index.php?rest_route=\/wp\/v2\/posts"}],"about":[{"href":"https:\/\/2horizontes.com\/index.php?rest_route=\/wp\/v2\/types\/post"}],"author":[{"embeddable":true,"href":"https:\/\/2horizontes.com\/index.php?rest_route=\/wp\/v2\/users\/8"}],"replies":[{"embeddable":true,"href":"https:\/\/2horizontes.com\/index.php?rest_route=%2Fwp%2Fv2%2Fcomments&post=33898"}],"version-history":[{"count":1,"href":"https:\/\/2horizontes.com\/index.php?rest_route=\/wp\/v2\/posts\/33898\/revisions"}],"predecessor-version":[{"id":33900,"href":"https:\/\/2horizontes.com\/index.php?rest_route=\/wp\/v2\/posts\/33898\/revisions\/33900"}],"wp:featuredmedia":[{"embeddable":true,"href":"https:\/\/2horizontes.com\/index.php?rest_route=\/wp\/v2\/media\/33899"}],"wp:attachment":[{"href":"https:\/\/2horizontes.com\/index.php?rest_route=%2Fwp%2Fv2%2Fmedia&parent=33898"}],"wp:term":[{"taxonomy":"category","embeddable":true,"href":"https:\/\/2horizontes.com\/index.php?rest_route=%2Fwp%2Fv2%2Fcategories&post=33898"},{"taxonomy":"post_tag","embeddable":true,"href":"https:\/\/2horizontes.com\/index.php?rest_route=%2Fwp%2Fv2%2Ftags&post=33898"}],"curies":[{"name":"wp","href":"https:\/\/api.w.org\/{rel}","templated":true}]}}