{"id":33844,"date":"2015-11-24T02:56:56","date_gmt":"2015-11-24T01:56:56","guid":{"rendered":"http:\/\/2horizontes.com\/?p=33844"},"modified":"2015-11-24T02:56:57","modified_gmt":"2015-11-24T01:56:57","slug":"pelegrin-castillo-presenta-su-candidatura-presidencial-rd","status":"publish","type":"post","link":"https:\/\/2horizontes.com\/?p=33844","title":{"rendered":"Pelegr\u00edn Castillo presenta su candidatura presidencial RD"},"content":{"rendered":"<p dir=\"LTR\" align=\"JUSTIFY\">RD- SANTO DOMINGO- El vicepresidente de la Fuerza Nacional Progresista (FNP), Pelegr\u00edn Castillo, \u00a0present\u00f3 este lunes su candidatura a la presidencia por esa organizaci\u00f3n pol\u00edtica y la coalici\u00f3n Polo Soberano.<\/p>\n<p dir=\"LTR\" align=\"JUSTIFY\">En un discurso difundido por 10 canales de televisi\u00f3n, Pelegr\u00edn Castillo explic\u00f3 que la decisi\u00f3n de presentar la candidatura a la Presidencia de la Rep\u00fablica, se basa fundamentalmente en la necesidad de organizar una expresi\u00f3n dominicanista, una opci\u00f3n presidencial diferente, que encarne posiciones claras y firmes sobre los grandes asuntos de la Patria.<\/p>\n<p dir=\"LTR\" align=\"JUSTIFY\">\u00abA pesar de que la gran mayor\u00eda de nuestros compatriotas se identifican con estas posiciones soberanistas, las opciones de candidaturas que se han propuesto, expresan debilidad o indiferencia, temor o sumisi\u00f3n frente a las imposiciones y presiones extranjeras\u00bb, dijo Pelegr\u00edn Castillo. En ese orden advirti\u00f3 que el gobierno est\u00e1 sometido a las presiones y chantajes que se hacen desde Hait\u00ed y los centros de poder que en Estados Unidos en una confabulaci\u00f3n contra el pa\u00eds.<\/p>\n<p dir=\"LTR\" align=\"LEFT\"><strong>P\u00e9rdida de la soberan\u00eda<\/strong><\/p>\n<p dir=\"LTR\" align=\"JUSTIFY\">Castillo entiende que el Estado ha venido perdiendo progresivamente el control sobre sus espacios mar\u00edtimos, a\u00e9reos, y ultraterrestre; sobre sus recursos naturales minerales, y en especial, sobre el m\u00e1s valioso de todos: el agua.<\/p>\n<p dir=\"LTR\" align=\"JUSTIFY\">\u00abEsa p\u00e9rdida de control es m\u00e1s grave en particular, en la zona fronteriza con Hait\u00ed: Estrat\u00e9gica y rica en recursos, empobrecida y despoblada por el abandono del Estado\u00bb, dijo Pelegr\u00edn Castillo.<\/p>\n<p dir=\"LTR\" align=\"JUSTIFY\">Record\u00f3 que cuando el 6 de noviembre del 2011 declin\u00f3 a su candidatura para respaldar al presidente Danilo Medina, se acord\u00f3 un pacto que ten\u00eda como fundamento un programa para el fortalecimiento del Proyecto Nacional Dominicano, en especial, lo relacionado con la defensa de la soberan\u00eda y la autodeterminaci\u00f3n, la identidad y la integridad territorial de la Rep\u00fablica.<\/p>\n<p>\u00abLamentablemente, ni el Presidente Medina ni la c\u00fapula del partido que fue concebido para \u00abcompletar la obra que Duarte comenz\u00f3\u00bb, han estado a la altura de las circunstancias. Al contrario, sus actuaciones, influidas por la facci\u00f3n antinacional que sirve a los poderes extranjeros, han contribuido a un serio menoscabo de la Soberan\u00eda Popular y la Soberan\u00eda Nacional\u00bb dijo Castillo.<\/p>\n<p>&nbsp;<\/p>\n","protected":false},"excerpt":{"rendered":"<p>RD- SANTO DOMINGO- El vicepresidente de la Fuerza Nacional Progresista (FNP), Pelegr\u00edn Castillo, \u00a0present\u00f3 este lunes su candidatura a la presidencia por esa organizaci\u00f3n pol\u00edtica y la coalici\u00f3n Polo Soberano. En un discurso difundido por 10 canales de televisi\u00f3n, Pelegr\u00edn Castillo explic\u00f3 que la decisi\u00f3n de presentar la candidatura a la Presidencia de la Rep\u00fablica, [&hellip;]<\/p>\n","protected":false},"author":8,"featured_media":33845,"comment_status":"open","ping_status":"open","sticky":false,"template":"","format":"standard","meta":{"footnotes":""},"categories":[43,44],"tags":[],"class_list":["post-33844","post","type-post","status-publish","format-standard","has-post-thumbnail","hentry","category-politica","category-republica-dominicana"],"_links":{"self":[{"href":"https:\/\/2horizontes.com\/index.php?rest_route=\/wp\/v2\/posts\/33844","targetHints":{"allow":["GET"]}}],"collection":[{"href":"https:\/\/2horizontes.com\/index.php?rest_route=\/wp\/v2\/posts"}],"about":[{"href":"https:\/\/2horizontes.com\/index.php?rest_route=\/wp\/v2\/types\/post"}],"author":[{"embeddable":true,"href":"https:\/\/2horizontes.com\/index.php?rest_route=\/wp\/v2\/users\/8"}],"replies":[{"embeddable":true,"href":"https:\/\/2horizontes.com\/index.php?rest_route=%2Fwp%2Fv2%2Fcomments&post=33844"}],"version-history":[{"count":1,"href":"https:\/\/2horizontes.com\/index.php?rest_route=\/wp\/v2\/posts\/33844\/revisions"}],"predecessor-version":[{"id":33846,"href":"https:\/\/2horizontes.com\/index.php?rest_route=\/wp\/v2\/posts\/33844\/revisions\/33846"}],"wp:featuredmedia":[{"embeddable":true,"href":"https:\/\/2horizontes.com\/index.php?rest_route=\/wp\/v2\/media\/33845"}],"wp:attachment":[{"href":"https:\/\/2horizontes.com\/index.php?rest_route=%2Fwp%2Fv2%2Fmedia&parent=33844"}],"wp:term":[{"taxonomy":"category","embeddable":true,"href":"https:\/\/2horizontes.com\/index.php?rest_route=%2Fwp%2Fv2%2Fcategories&post=33844"},{"taxonomy":"post_tag","embeddable":true,"href":"https:\/\/2horizontes.com\/index.php?rest_route=%2Fwp%2Fv2%2Ftags&post=33844"}],"curies":[{"name":"wp","href":"https:\/\/api.w.org\/{rel}","templated":true}]}}