{"id":33840,"date":"2015-11-24T02:44:02","date_gmt":"2015-11-24T01:44:02","guid":{"rendered":"http:\/\/2horizontes.com\/?p=33840"},"modified":"2015-11-24T02:44:02","modified_gmt":"2015-11-24T01:44:02","slug":"pn-y-plan-social-planean-seguridad-para-evitar-saqueos-de-cajas-navidenas-rd","status":"publish","type":"post","link":"https:\/\/2horizontes.com\/?p=33840","title":{"rendered":"PN y Plan Social planean seguridad para evitar saqueos de cajas navide\u00f1as RD"},"content":{"rendered":"<p>RD- SANTO DOMINGO-El Plan de Asistencia Social de la Presidencia anunci\u00f3 que est\u00e1 ultimando detalles, en coordinaci\u00f3n con la Polic\u00eda Nacional y la Direcci\u00f3n de Investigaciones criminales con el objetivo de evitar saqueos en los repartos de las cajas navide\u00f1as.<\/p>\n<p>En ese sentido, el jefe de la Polic\u00eda, mayor general\u00a0 Nelson Ram\u00f3n Peguero Paredes, y el director del Plan de Asistencia Social, Cesar Prieto, realizaron un encuentro, donde junto al director de Investigaciones Criminales, (DICRIM), general Ney Aldrin Bautista, delinearon el amplio dispositivo de seguridad policial e inteligencia a aplicar.<\/p>\n<p>Asimismo, el jefe policial instruy\u00f3 una vigilancia especial en\u00a0 las provincias donde se efect\u00faen los actos de entrega de las cajas navide\u00f1as, con el objetivo \u201cde mantener el orden p\u00fablico y evitar que abusen de los envejecientes y personas con limitadas condiciones f\u00edsicas\u201d.<\/p>\n<p>Mientras que la direcci\u00f3n del Plan Social anunci\u00f3 que har\u00e1 uso efectivo de los militares que est\u00e1n asignados a esta instituci\u00f3n, para servir de refuerzo de la seguridad en el reparto y durante el transporte de mercanc\u00edas.<\/p>\n<p>&nbsp;<\/p>\n","protected":false},"excerpt":{"rendered":"<p>RD- SANTO DOMINGO-El Plan de Asistencia Social de la Presidencia anunci\u00f3 que est\u00e1 ultimando detalles, en coordinaci\u00f3n con la Polic\u00eda Nacional y la Direcci\u00f3n de Investigaciones criminales con el objetivo de evitar saqueos en los repartos de las cajas navide\u00f1as. En ese sentido, el jefe de la Polic\u00eda, mayor general\u00a0 Nelson Ram\u00f3n Peguero Paredes, y [&hellip;]<\/p>\n","protected":false},"author":8,"featured_media":33841,"comment_status":"open","ping_status":"open","sticky":false,"template":"","format":"standard","meta":{"footnotes":""},"categories":[44],"tags":[],"class_list":["post-33840","post","type-post","status-publish","format-standard","has-post-thumbnail","hentry","category-republica-dominicana"],"_links":{"self":[{"href":"https:\/\/2horizontes.com\/index.php?rest_route=\/wp\/v2\/posts\/33840","targetHints":{"allow":["GET"]}}],"collection":[{"href":"https:\/\/2horizontes.com\/index.php?rest_route=\/wp\/v2\/posts"}],"about":[{"href":"https:\/\/2horizontes.com\/index.php?rest_route=\/wp\/v2\/types\/post"}],"author":[{"embeddable":true,"href":"https:\/\/2horizontes.com\/index.php?rest_route=\/wp\/v2\/users\/8"}],"replies":[{"embeddable":true,"href":"https:\/\/2horizontes.com\/index.php?rest_route=%2Fwp%2Fv2%2Fcomments&post=33840"}],"version-history":[{"count":1,"href":"https:\/\/2horizontes.com\/index.php?rest_route=\/wp\/v2\/posts\/33840\/revisions"}],"predecessor-version":[{"id":33842,"href":"https:\/\/2horizontes.com\/index.php?rest_route=\/wp\/v2\/posts\/33840\/revisions\/33842"}],"wp:featuredmedia":[{"embeddable":true,"href":"https:\/\/2horizontes.com\/index.php?rest_route=\/wp\/v2\/media\/33841"}],"wp:attachment":[{"href":"https:\/\/2horizontes.com\/index.php?rest_route=%2Fwp%2Fv2%2Fmedia&parent=33840"}],"wp:term":[{"taxonomy":"category","embeddable":true,"href":"https:\/\/2horizontes.com\/index.php?rest_route=%2Fwp%2Fv2%2Fcategories&post=33840"},{"taxonomy":"post_tag","embeddable":true,"href":"https:\/\/2horizontes.com\/index.php?rest_route=%2Fwp%2Fv2%2Ftags&post=33840"}],"curies":[{"name":"wp","href":"https:\/\/api.w.org\/{rel}","templated":true}]}}