{"id":33791,"date":"2015-11-23T18:13:41","date_gmt":"2015-11-23T17:13:41","guid":{"rendered":"http:\/\/2horizontes.com\/?p=33791"},"modified":"2015-11-23T18:13:41","modified_gmt":"2015-11-23T17:13:41","slug":"rafinha-renovo-contrato-con-el-barcelona-hasta-2020","status":"publish","type":"post","link":"https:\/\/2horizontes.com\/?p=33791","title":{"rendered":"Rafinha renov\u00f3 contrato con el Barcelona hasta 2020"},"content":{"rendered":"<p>El Barcelona ha anunciado que el centrocampista Rafinha Alc\u00e1ntara ha firmado hoy la renovaci\u00f3n de su contrato con el club azulgrana hasta junio de 2020, con una cl\u00e1usula de rescisi\u00f3n de 75 millones de euros.<\/p>\n<p>El jugador hispanobrasile\u00f1o, de 22 a\u00f1os, ha rubricado su nueva situaci\u00f3n contractual con el club barcelonista estando convaleciente de una rotura del ligamento cruzado de la rodilla derecha, lesi\u00f3n de la que se est\u00e1 recuperando y que le obligar\u00e1 a perderse buena parte de la presente temporada.<\/p>\n<p>Formado en las categor\u00edas inferiores del Barcelona, el menor de los hermanos Alc\u00e1ntara pas\u00f3 un periodo de formaci\u00f3n en el Celta, club en el que brill\u00f3 de la mano del actual t\u00e9cnico azulgrana, Luis Enrique Mart\u00ednez.<\/p>\n<p>Con la llegada de Luis Enrique al Camp Nou en el curso 2014\/15, Rafinha regres\u00f3 al club catal\u00e1n y en el inicio de la temporada tuvo un especial protagonismo.<\/p>\n<p>El hijo de Mazinho, campe\u00f3n del mundo con Brasil en 1994, ha firmado su nuevo contrato junto al presidente de la entidad, Josep Maria Bartomeu, el vicepresidente del \u00e1rea deportiva, Jordi Mestre, y el director deportivo, Roberto Fern\u00e1ndez.<\/p>\n<p>Rafinha ten\u00eda contrato hasta junio de 2016 y su cl\u00e1usula de rescisi\u00f3n estaba fijada en 30 millones. Ahora, su salida se sit\u00faa en 75 millones.<\/p>\n","protected":false},"excerpt":{"rendered":"<p>El Barcelona ha anunciado que el centrocampista Rafinha Alc\u00e1ntara ha firmado hoy la renovaci\u00f3n de su contrato con el club azulgrana hasta junio de 2020, con una cl\u00e1usula de rescisi\u00f3n de 75 millones de euros. El jugador hispanobrasile\u00f1o, de 22 a\u00f1os, ha rubricado su nueva situaci\u00f3n contractual con el club barcelonista estando convaleciente de una [&hellip;]<\/p>\n","protected":false},"author":3,"featured_media":33792,"comment_status":"open","ping_status":"open","sticky":false,"template":"","format":"standard","meta":{"footnotes":""},"categories":[42,85],"tags":[],"class_list":["post-33791","post","type-post","status-publish","format-standard","has-post-thumbnail","hentry","category-deportes","category-espana"],"_links":{"self":[{"href":"https:\/\/2horizontes.com\/index.php?rest_route=\/wp\/v2\/posts\/33791","targetHints":{"allow":["GET"]}}],"collection":[{"href":"https:\/\/2horizontes.com\/index.php?rest_route=\/wp\/v2\/posts"}],"about":[{"href":"https:\/\/2horizontes.com\/index.php?rest_route=\/wp\/v2\/types\/post"}],"author":[{"embeddable":true,"href":"https:\/\/2horizontes.com\/index.php?rest_route=\/wp\/v2\/users\/3"}],"replies":[{"embeddable":true,"href":"https:\/\/2horizontes.com\/index.php?rest_route=%2Fwp%2Fv2%2Fcomments&post=33791"}],"version-history":[{"count":1,"href":"https:\/\/2horizontes.com\/index.php?rest_route=\/wp\/v2\/posts\/33791\/revisions"}],"predecessor-version":[{"id":33793,"href":"https:\/\/2horizontes.com\/index.php?rest_route=\/wp\/v2\/posts\/33791\/revisions\/33793"}],"wp:featuredmedia":[{"embeddable":true,"href":"https:\/\/2horizontes.com\/index.php?rest_route=\/wp\/v2\/media\/33792"}],"wp:attachment":[{"href":"https:\/\/2horizontes.com\/index.php?rest_route=%2Fwp%2Fv2%2Fmedia&parent=33791"}],"wp:term":[{"taxonomy":"category","embeddable":true,"href":"https:\/\/2horizontes.com\/index.php?rest_route=%2Fwp%2Fv2%2Fcategories&post=33791"},{"taxonomy":"post_tag","embeddable":true,"href":"https:\/\/2horizontes.com\/index.php?rest_route=%2Fwp%2Fv2%2Ftags&post=33791"}],"curies":[{"name":"wp","href":"https:\/\/api.w.org\/{rel}","templated":true}]}}