{"id":33787,"date":"2015-11-23T18:17:26","date_gmt":"2015-11-23T17:17:26","guid":{"rendered":"http:\/\/2horizontes.com\/?p=33787"},"modified":"2015-11-23T18:17:26","modified_gmt":"2015-11-23T17:17:26","slug":"proclaman-a-vargas-candidato-a-senador-espaillat-rd","status":"publish","type":"post","link":"https:\/\/2horizontes.com\/?p=33787","title":{"rendered":"Proclaman a Vargas candidato a senador Espaillat RD"},"content":{"rendered":"<p>RD-MOCA- El senador de la provincia Espaillat, Jos\u00e9 Rafael Vargas, proclam\u00f3 que el esp\u00edritu de unidad es la fortaleza que tiene el Partido de la Liberaci\u00f3n Dominicana (PLD) y que lo llevar\u00e1 a ganar las elecciones del pr\u00f3ximo 15 de mayo en primera vuelta.<\/p>\n<p>Las palabras de Vargas se produjeron en el acto de proclamaci\u00f3n de su candidatura a senador en un encabezado por el presidente Danilo Medina en su calidad de candidato presidencial del Partido de la Liberaci\u00f3n Dominicana (PLD), acompa\u00f1ado de una masiva representaci\u00f3n de los partidos aliados.<\/p>\n<p>\u201cEl entusiasmo que hemos sentido en estas horas en la provincia y esta multitud que se ha congregado aqu\u00ed, nos reafirma la idea de que el 15 de mayo con la ayuda de Dios tendremos la votaci\u00f3n m\u00e1s alta en toda la historia de nuestra provincia\u201d, destac\u00f3.<\/p>\n<p>El senador Vargas dijo que \u201cestamos\u00a0 avanzando en la creaci\u00f3n de una sociedad inclusiva, participativa, procurando que todos seamos protagonistas de los grandes cambios, desde todos los actores del PLD, hasta las fuerzas aliadas y toda la sociedad. Con esp\u00edritu abierto y de visi\u00f3n, de construir la patria de todos\u201d.<\/p>\n<p>Indic\u00f3 que los\u00a0gobiernos del PLD han cambiado la vida de millones de personas y el \u00a0mejor ejemplo es el programa de alfabetizaci\u00f3n, que en la provincia Espaillat ha superado el ciento por ciento en tres de los cuatros municipios y \u201cavanzamos para concluir en los pr\u00f3ximos meses\u201d.<\/p>\n<p>Agreg\u00f3 que en todo el pa\u00eds m\u00e1s de 800 mil dominicanos ya saben leer y escribir, liberados de la ignorancia. \u201cEsa es una de las m\u00e1s grandes conquistas de su gobierno. As\u00ed es como se combate la pobreza\u201d, enfatiz\u00f3.<\/p>\n<p>Asegur\u00f3 que\u00a0los gobiernos del PLD han premiado con becas universitarias a m\u00e1s de 200 mil j\u00f3venes en todo el pa\u00eds, y otros miles han sido favorecidos para estudiar en universidades del exterior.<\/p>\n<p>En el acto Carlos Amarante Baret, pronunci\u00f3 las palabras de bienvenida. Luego habl\u00f3 Dar\u00edo Jim\u00e9nez, presidente del PRD en Espaillat.<\/p>\n<p>El juramento a Vargas, quien actualmente es senador y buscar\u00e1 reelegirse, le fue tomado por el secretario general del PLD, Reinaldo Pared.<br \/>\nEn la actividad realizada entre las calles S\u00e1nchez e Inocencio Reyes se juntaron m\u00e1s de 15,000 mil personas. Hubo una parte art\u00edstica a cargo de\u00a0Mozart la Para, Revoluci\u00f3n Salsera y Quinito M\u00e9ndez.<\/p>\n<p><strong>ASISTENTES\u00a0<\/strong><\/p>\n<p>Del Comit\u00e9 Pol\u00edtico del PLD participaron Reinaldo Pared, secretario general; Cristina Lizardo, F\u00e9lix, Radham\u00e9s Jim\u00e9nez, Francisco Javier Garc\u00eda, Rub\u00e9n Bichara, Sim\u00f3n Lizardo, Carlos Pared P\u00e9rez y Sonia Mateo, Simon Lizardo, adem\u00e1s de Miguel Vargas Maldonado, presidente del PRD, Fiquito V\u00e1squez, coordinador nacional de campa\u00f1a, Salo\u00a0 Morillo, Juan Santos, Dar\u00edo Jim\u00e9nez, presidente del PRD en Espaillat;\u00a0\u00a0Rafael Mart\u00ednez, presidente PLD: \u00a0Dilon\u00e9 Ovalles, gobernador provincial y Juan Francisco Caraballo, entre otros.<\/p>\n<p>Presentes estuvieron tambi\u00e9n Radham\u00e9s Zorrilla Ozuna, del Partido C\u00edvico Renovador; Miguel Mej\u00eda, del Movimiento Izquierda Unida y representaciones de los aliados en el Bloque Progresista en la provincia, del PLD en Espaillat.<\/p>\n","protected":false},"excerpt":{"rendered":"<p>RD-MOCA- El senador de la provincia Espaillat, Jos\u00e9 Rafael Vargas, proclam\u00f3 que el esp\u00edritu de unidad es la fortaleza que tiene el Partido de la Liberaci\u00f3n Dominicana (PLD) y que lo llevar\u00e1 a ganar las elecciones del pr\u00f3ximo 15 de mayo en primera vuelta. Las palabras de Vargas se produjeron en el acto de proclamaci\u00f3n [&hellip;]<\/p>\n","protected":false},"author":8,"featured_media":33794,"comment_status":"open","ping_status":"open","sticky":false,"template":"","format":"standard","meta":{"footnotes":""},"categories":[43,53,44],"tags":[],"class_list":["post-33787","post","type-post","status-publish","format-standard","has-post-thumbnail","hentry","category-politica","category-provincias","category-republica-dominicana"],"_links":{"self":[{"href":"https:\/\/2horizontes.com\/index.php?rest_route=\/wp\/v2\/posts\/33787","targetHints":{"allow":["GET"]}}],"collection":[{"href":"https:\/\/2horizontes.com\/index.php?rest_route=\/wp\/v2\/posts"}],"about":[{"href":"https:\/\/2horizontes.com\/index.php?rest_route=\/wp\/v2\/types\/post"}],"author":[{"embeddable":true,"href":"https:\/\/2horizontes.com\/index.php?rest_route=\/wp\/v2\/users\/8"}],"replies":[{"embeddable":true,"href":"https:\/\/2horizontes.com\/index.php?rest_route=%2Fwp%2Fv2%2Fcomments&post=33787"}],"version-history":[{"count":1,"href":"https:\/\/2horizontes.com\/index.php?rest_route=\/wp\/v2\/posts\/33787\/revisions"}],"predecessor-version":[{"id":33796,"href":"https:\/\/2horizontes.com\/index.php?rest_route=\/wp\/v2\/posts\/33787\/revisions\/33796"}],"wp:featuredmedia":[{"embeddable":true,"href":"https:\/\/2horizontes.com\/index.php?rest_route=\/wp\/v2\/media\/33794"}],"wp:attachment":[{"href":"https:\/\/2horizontes.com\/index.php?rest_route=%2Fwp%2Fv2%2Fmedia&parent=33787"}],"wp:term":[{"taxonomy":"category","embeddable":true,"href":"https:\/\/2horizontes.com\/index.php?rest_route=%2Fwp%2Fv2%2Fcategories&post=33787"},{"taxonomy":"post_tag","embeddable":true,"href":"https:\/\/2horizontes.com\/index.php?rest_route=%2Fwp%2Fv2%2Ftags&post=33787"}],"curies":[{"name":"wp","href":"https:\/\/api.w.org\/{rel}","templated":true}]}}