{"id":33776,"date":"2015-11-23T17:37:00","date_gmt":"2015-11-23T16:37:00","guid":{"rendered":"http:\/\/2horizontes.com\/?p=33776"},"modified":"2015-11-23T17:39:54","modified_gmt":"2015-11-23T16:39:54","slug":"policia-mata-alegado-delincuente-en-tiroteo-en-que-raso-resulto-herido-rd","status":"publish","type":"post","link":"https:\/\/2horizontes.com\/?p=33776","title":{"rendered":"Policia mata alegado delincuente en tiroteo en que raso result\u00f3 herido RD"},"content":{"rendered":"<p>RD- LOS ALCARRIZOS &#8211; La Polic\u00eda mat\u00f3 a un alegado delincuente en un tiroteo en el que tambi\u00e9n result\u00f3 herido un raso de esa instituci\u00f3n.<\/p>\n<p>El muerto es Juan Antonio Aquino Rodr\u00edguez (Johan), de 34 a\u00f1os, a quien supuestamente le fue ocupada una pistola robada, y el herido Alexis S\u00e1nchez.<\/p>\n<p>El tiroteo ocurri\u00f3 en la calle San Ant\u00f3n, del sector Arenoso, en el municipio Los Alcarrizos.<\/p>\n<p>La Polic\u00eda dijo que Johan estaba junto a otro sujeto en una Toyota Prado, dorada, estacionada frente a un negocio y que una patrulla not\u00f3 que uno de los hombres estaba armado, por lo que decidi\u00f3 acercarse al veh\u00edculo e interrogar a sus ocupantes.<\/p>\n<p>A\u00f1adi\u00f3 que Johan trat\u00f3 de huir con el arma e hiri\u00f3 al raso S\u00e1nchez en el f\u00e9mur y antebrazo izquierdo, por lo que los dem\u00e1s agentes se vieron obligados a repeler la agresi\u00f3n.<\/p>\n<p>La pistola ocupada a Johan le hab\u00eda sido sustraida mediante un asalto a Edwin Miguel Mart\u00ednez Fabre, de 38 a\u00f1os, en la carretera Vieja Guaco, de La Vega.<\/p>\n","protected":false},"excerpt":{"rendered":"<p>RD- LOS ALCARRIZOS &#8211; La Polic\u00eda mat\u00f3 a un alegado delincuente en un tiroteo en el que tambi\u00e9n result\u00f3 herido un raso de esa instituci\u00f3n. El muerto es Juan Antonio Aquino Rodr\u00edguez (Johan), de 34 a\u00f1os, a quien supuestamente le fue ocupada una pistola robada, y el herido Alexis S\u00e1nchez. El tiroteo ocurri\u00f3 en la [&hellip;]<\/p>\n","protected":false},"author":8,"featured_media":33782,"comment_status":"open","ping_status":"open","sticky":false,"template":"","format":"standard","meta":{"footnotes":""},"categories":[53,44],"tags":[],"class_list":["post-33776","post","type-post","status-publish","format-standard","has-post-thumbnail","hentry","category-provincias","category-republica-dominicana"],"_links":{"self":[{"href":"https:\/\/2horizontes.com\/index.php?rest_route=\/wp\/v2\/posts\/33776","targetHints":{"allow":["GET"]}}],"collection":[{"href":"https:\/\/2horizontes.com\/index.php?rest_route=\/wp\/v2\/posts"}],"about":[{"href":"https:\/\/2horizontes.com\/index.php?rest_route=\/wp\/v2\/types\/post"}],"author":[{"embeddable":true,"href":"https:\/\/2horizontes.com\/index.php?rest_route=\/wp\/v2\/users\/8"}],"replies":[{"embeddable":true,"href":"https:\/\/2horizontes.com\/index.php?rest_route=%2Fwp%2Fv2%2Fcomments&post=33776"}],"version-history":[{"count":2,"href":"https:\/\/2horizontes.com\/index.php?rest_route=\/wp\/v2\/posts\/33776\/revisions"}],"predecessor-version":[{"id":33781,"href":"https:\/\/2horizontes.com\/index.php?rest_route=\/wp\/v2\/posts\/33776\/revisions\/33781"}],"wp:featuredmedia":[{"embeddable":true,"href":"https:\/\/2horizontes.com\/index.php?rest_route=\/wp\/v2\/media\/33782"}],"wp:attachment":[{"href":"https:\/\/2horizontes.com\/index.php?rest_route=%2Fwp%2Fv2%2Fmedia&parent=33776"}],"wp:term":[{"taxonomy":"category","embeddable":true,"href":"https:\/\/2horizontes.com\/index.php?rest_route=%2Fwp%2Fv2%2Fcategories&post=33776"},{"taxonomy":"post_tag","embeddable":true,"href":"https:\/\/2horizontes.com\/index.php?rest_route=%2Fwp%2Fv2%2Ftags&post=33776"}],"curies":[{"name":"wp","href":"https:\/\/api.w.org\/{rel}","templated":true}]}}