{"id":33774,"date":"2015-11-23T16:45:30","date_gmt":"2015-11-23T15:45:30","guid":{"rendered":"http:\/\/2horizontes.com\/?p=33774"},"modified":"2015-11-23T16:45:30","modified_gmt":"2015-11-23T15:45:30","slug":"padres-haitianos-matan-su-nina-al-golpearla-en-medio-de-un-pleito-entre-ambos-en-rd","status":"publish","type":"post","link":"https:\/\/2horizontes.com\/?p=33774","title":{"rendered":"Padres haitianos matan su ni\u00f1a al golpearla en medio de un pleito entre ambos en RD"},"content":{"rendered":"<p>RD- SANTIAGO- Una ni\u00f1a de origen haitiano muri\u00f3 al ser golpeada en medio de un pleito que sosten\u00edan sus padres en la provincia de Santiago Rodr\u00edguez, inform\u00f3 la Polic\u00eda.<\/p>\n<p>La v\u00edctima es\u00a0 Oscalina Pierre, de tres a\u00f1os de edad, quien era\u00a0 hija de Leonita Chala, de 30 a\u00f1os, y Maxi\u00a0 Pie, de 29 a\u00f1os de edad.<\/p>\n<p>La Polic\u00eda dijo que la menor presenta golpes contusos y laceraciones en diferentes partes de su cuerpo.<\/p>\n<p>El informe policial se\u00f1ala que la infante fue atropellada en momento en que sus progenitores se peleaban en su casa del sector los Caimonies, de esa localidad noroestana.<\/p>\n<p>La Polic\u00eda no revel\u00f3 si los padres de la v\u00edctima se encuentran detenidos o si est\u00e1n pr\u00f3fugos.<\/p>\n","protected":false},"excerpt":{"rendered":"<p>RD- SANTIAGO- Una ni\u00f1a de origen haitiano muri\u00f3 al ser golpeada en medio de un pleito que sosten\u00edan sus padres en la provincia de Santiago Rodr\u00edguez, inform\u00f3 la Polic\u00eda. La v\u00edctima es\u00a0 Oscalina Pierre, de tres a\u00f1os de edad, quien era\u00a0 hija de Leonita Chala, de 30 a\u00f1os, y Maxi\u00a0 Pie, de 29 a\u00f1os de [&hellip;]<\/p>\n","protected":false},"author":8,"featured_media":8783,"comment_status":"open","ping_status":"open","sticky":false,"template":"","format":"standard","meta":{"footnotes":""},"categories":[53,44],"tags":[],"class_list":["post-33774","post","type-post","status-publish","format-standard","has-post-thumbnail","hentry","category-provincias","category-republica-dominicana"],"_links":{"self":[{"href":"https:\/\/2horizontes.com\/index.php?rest_route=\/wp\/v2\/posts\/33774","targetHints":{"allow":["GET"]}}],"collection":[{"href":"https:\/\/2horizontes.com\/index.php?rest_route=\/wp\/v2\/posts"}],"about":[{"href":"https:\/\/2horizontes.com\/index.php?rest_route=\/wp\/v2\/types\/post"}],"author":[{"embeddable":true,"href":"https:\/\/2horizontes.com\/index.php?rest_route=\/wp\/v2\/users\/8"}],"replies":[{"embeddable":true,"href":"https:\/\/2horizontes.com\/index.php?rest_route=%2Fwp%2Fv2%2Fcomments&post=33774"}],"version-history":[{"count":1,"href":"https:\/\/2horizontes.com\/index.php?rest_route=\/wp\/v2\/posts\/33774\/revisions"}],"predecessor-version":[{"id":33775,"href":"https:\/\/2horizontes.com\/index.php?rest_route=\/wp\/v2\/posts\/33774\/revisions\/33775"}],"wp:featuredmedia":[{"embeddable":true,"href":"https:\/\/2horizontes.com\/index.php?rest_route=\/wp\/v2\/media\/8783"}],"wp:attachment":[{"href":"https:\/\/2horizontes.com\/index.php?rest_route=%2Fwp%2Fv2%2Fmedia&parent=33774"}],"wp:term":[{"taxonomy":"category","embeddable":true,"href":"https:\/\/2horizontes.com\/index.php?rest_route=%2Fwp%2Fv2%2Fcategories&post=33774"},{"taxonomy":"post_tag","embeddable":true,"href":"https:\/\/2horizontes.com\/index.php?rest_route=%2Fwp%2Fv2%2Ftags&post=33774"}],"curies":[{"name":"wp","href":"https:\/\/api.w.org\/{rel}","templated":true}]}}