{"id":33763,"date":"2015-11-23T16:26:02","date_gmt":"2015-11-23T15:26:02","guid":{"rendered":"http:\/\/2horizontes.com\/?p=33763"},"modified":"2015-11-23T16:28:22","modified_gmt":"2015-11-23T15:28:22","slug":"presos-2-que-se-hacian-pasar-por-miembros-de-policia-comunitaria-rd","status":"publish","type":"post","link":"https:\/\/2horizontes.com\/?p=33763","title":{"rendered":"Apresan a  dos que se hac\u00edan pasar por miembros de polic\u00eda comunitaria RD"},"content":{"rendered":"<p>RD- NAGUA -MARIA TRINIDAD SANCHEZ- La Direcci\u00f3n de Inteligencia del Ministerio de Interior y Polic\u00eda (MIP) apres\u00f3 a dos hombres, quienes supuestamente se hac\u00edan pasar por miembros de la polic\u00eda voluntaria del municipio de Nagua, provincia Mar\u00eda Trinidad S\u00e1nchez.<\/p>\n<p>Los apresados son\u00a0 Juan Francisco Guzm\u00e1n Acevedo y Edward Thomas Lora, quienes ten\u00edan en su poder al momento del apresamiento una pistola calibre 9 mil\u00edmetro y otra con la numeraci\u00f3n ilegible.<\/p>\n<p>Adem\u00e1s les fueron incautados dos carn\u00e9 falsos; uno del MIP y otro de una supuesta polic\u00eda dominicana comunitaria.<\/p>\n<p>Guzm\u00e1n Acevedo y Thomas Lora son oriundos del municipio de Cabrera y Nagua respectivamente.<\/p>\n<p>Ambos arrestos fueron dirigidos por el coronel de la FARD Danilo Valdez Pacheco, director de Inteligencia del MIP, quien los condujo hasta la comandancia policial de Nagua y posteriormente fueron sometidos a la acci\u00f3n de la justicia para que se les conociera medida de coerci\u00f3n.<\/p>\n","protected":false},"excerpt":{"rendered":"<p>RD- NAGUA -MARIA TRINIDAD SANCHEZ- La Direcci\u00f3n de Inteligencia del Ministerio de Interior y Polic\u00eda (MIP) apres\u00f3 a dos hombres, quienes supuestamente se hac\u00edan pasar por miembros de la polic\u00eda voluntaria del municipio de Nagua, provincia Mar\u00eda Trinidad S\u00e1nchez. Los apresados son\u00a0 Juan Francisco Guzm\u00e1n Acevedo y Edward Thomas Lora, quienes ten\u00edan en su poder [&hellip;]<\/p>\n","protected":false},"author":8,"featured_media":33402,"comment_status":"open","ping_status":"open","sticky":false,"template":"","format":"standard","meta":{"footnotes":""},"categories":[53,44],"tags":[],"class_list":["post-33763","post","type-post","status-publish","format-standard","has-post-thumbnail","hentry","category-provincias","category-republica-dominicana"],"_links":{"self":[{"href":"https:\/\/2horizontes.com\/index.php?rest_route=\/wp\/v2\/posts\/33763","targetHints":{"allow":["GET"]}}],"collection":[{"href":"https:\/\/2horizontes.com\/index.php?rest_route=\/wp\/v2\/posts"}],"about":[{"href":"https:\/\/2horizontes.com\/index.php?rest_route=\/wp\/v2\/types\/post"}],"author":[{"embeddable":true,"href":"https:\/\/2horizontes.com\/index.php?rest_route=\/wp\/v2\/users\/8"}],"replies":[{"embeddable":true,"href":"https:\/\/2horizontes.com\/index.php?rest_route=%2Fwp%2Fv2%2Fcomments&post=33763"}],"version-history":[{"count":3,"href":"https:\/\/2horizontes.com\/index.php?rest_route=\/wp\/v2\/posts\/33763\/revisions"}],"predecessor-version":[{"id":33770,"href":"https:\/\/2horizontes.com\/index.php?rest_route=\/wp\/v2\/posts\/33763\/revisions\/33770"}],"wp:featuredmedia":[{"embeddable":true,"href":"https:\/\/2horizontes.com\/index.php?rest_route=\/wp\/v2\/media\/33402"}],"wp:attachment":[{"href":"https:\/\/2horizontes.com\/index.php?rest_route=%2Fwp%2Fv2%2Fmedia&parent=33763"}],"wp:term":[{"taxonomy":"category","embeddable":true,"href":"https:\/\/2horizontes.com\/index.php?rest_route=%2Fwp%2Fv2%2Fcategories&post=33763"},{"taxonomy":"post_tag","embeddable":true,"href":"https:\/\/2horizontes.com\/index.php?rest_route=%2Fwp%2Fv2%2Ftags&post=33763"}],"curies":[{"name":"wp","href":"https:\/\/api.w.org\/{rel}","templated":true}]}}