{"id":3367,"date":"2015-02-24T14:31:01","date_gmt":"2015-02-24T14:31:01","guid":{"rendered":"http:\/\/2horizontes.com\/?p=3367"},"modified":"2015-02-24T14:31:01","modified_gmt":"2015-02-24T14:31:01","slug":"un-terremoto-con-epicentro-en-albacete-sacude-el-centro-de-espana","status":"publish","type":"post","link":"https:\/\/2horizontes.com\/?p=3367","title":{"rendered":"Un terremoto con epicentro en Albacete sacude el centro de Espa\u00f1a"},"content":{"rendered":"<p>El temblor es de 5,2 en la escala Richter y se ha producido a las 17.16 (hora peninsular)<\/p>\n<p><a href=\"http:\/\/2horizontes.com\/wp-content\/uploads\/2015\/02\/8.jpg\"><img loading=\"lazy\" decoding=\"async\" src=\"http:\/\/2horizontes.com\/wp-content\/uploads\/2015\/02\/8-300x164.jpg\" alt=\"8\" width=\"300\" height=\"164\" class=\"alignleft size-medium wp-image-3368\" srcset=\"https:\/\/2horizontes.com\/wp-content\/uploads\/2015\/02\/8-300x164.jpg 300w, https:\/\/2horizontes.com\/wp-content\/uploads\/2015\/02\/8-510x278.jpg 510w, https:\/\/2horizontes.com\/wp-content\/uploads\/2015\/02\/8.jpg 640w\" sizes=\"auto, (max-width: 300px) 100vw, 300px\" \/><\/a><\/p>\n<p>Un terremoto con epicentro en Ossa de Montiel, provincia de Albacete, ha sacudido el centro de Espa\u00f1a este lunes. El temblor ha tenido lugar a las 17.16 (hora peninsular espa\u00f1ola) y se ha notado en varias provincias, seg\u00fan han confirmado en el Instituto Geogr\u00e1fico Nacional (IGN). El se\u00edsmo ha tenido una magnitud de 5,2 en la escala Richter, con datos del IGN, que se\u00f1ala que ha sido un terremoto de magnitud \u00abmoderada-fuerte\u00bb.<\/p>\n<p>El origen del temblor ha estado situado a unos 10 kil\u00f3metros de profundidad, seg\u00fan fuentes del Instituto Geogr\u00e1fico Nacional. En concreto, la latitud ha sido 39.04 grados norte y la longitud 2.65 grados oeste. Minutos despu\u00e9s, a las 17.27 (hora peninsular espa\u00f1ola) se ha registrado una r\u00e9plica de 2,5 a 19 kil\u00f3metros de profundidad. Aproximadamente una hora despu\u00e9s se ha detectado otra, en este caso de 3,1 en la escala Richter, y su epicentro se ha localizado muy cerca del primero.<\/p>\n<p><a href=\"http:\/\/2horizontes.com\/wp-content\/uploads\/2015\/02\/9.jpg\"><img loading=\"lazy\" decoding=\"async\" src=\"http:\/\/2horizontes.com\/wp-content\/uploads\/2015\/02\/9.jpg\" alt=\"9\" width=\"300\" height=\"172\" class=\"alignleft size-full wp-image-3369\" \/><\/a><\/p>\n<p>El movimiento de tierras se ha notado en Comunidad Valenciana, Murcia, Castilla-La Mancha y Madrid. No ha habido da\u00f1os materiales ni estructurales, salvo alg\u00fan incidente \u00ableve\u00bb, como la ca\u00edda de piedras en alg\u00fan veh\u00edculo, seg\u00fan se\u00f1ala el Ministerio del Interior despu\u00e9s de haberse puesto en contacto con la Delegaci\u00f3n del Gobierno de Castilla-La Mancha y el 112. Como medida preventiva tras el terremoto se mandaron cuestionarios para saber si se hab\u00edan producido da\u00f1os, pero los responsables de Protecci\u00f3n Civil de las zonas afectadas no comunicaron ning\u00fan efecto de consideraci\u00f3n al IGN<\/p>\n<p>Entre los \u00faltimos terremotos que han sacudido Espa\u00f1a destaca el que asol\u00f3 la localidad de Lorca, en Murcia. El se\u00edsmo de este lunes se ha producido, precisamente, en la misma falla, que atraviesa la meseta. El 11 de mayo se produjo en Lorca un terremoto de magnitud 5.1, que fue precedido de un movimiento s\u00edsmico de 4.5. Una de las diferencia entre el temblor de Albacete y Lorca, que caus\u00f3 tantos da\u00f1os y v\u00edctimas, est\u00e1 en la profundidad. El se\u00edsmo de Albacete se produjo a 10.000 metros de profundidad; el de Murcia, a 1.000. Ossa de Montiel, situado a 83 kil\u00f3metros al oeste de Albacete capital, tiene 2.500 habitantes. Es el pueblo de acceso a las Lagunas de Ruidera.<\/p>\n<p>\u00abVibraba toda la casa, temblaban todos los vasos y platos, las l\u00e1mparas, y los perros no paraban de ladrar\u00bb, explica Rafael Mora, de 55 a\u00f1os, vecino y juez de paz de Ossa de Montiel. Los primeros testimonios recabados por este peri\u00f3dico descartan da\u00f1os personales y materiales.<\/p>\n<p>Los servicios de emergencia del 112 en Madrid han informado de que cuatro edificios de Torrej\u00f3n de Ardoz han resultado afectados. Los Bomberos de la Comunidad han acudido al lugar, donde est\u00e1n trabajando, y se ha desalojado a los residentes, pero no hay heridos. Tras los ex\u00e1menes pertinentes, los vecinos han podido volver a sus domicilios tras no detectarse da\u00f1os estructurales en los inmuebles, seg\u00fan ha informado fuentes de Emergencias 112 y municipales. Entre las 17.19 y las 18.23, el servicio de emergencias en la Comunidad de Madrid ha recibido 420 llamadas.<\/p>\n<p>Recomendar en Facebook20 MilTwittear10 MilEnviar a LinkedIn85<\/p>\n","protected":false},"excerpt":{"rendered":"<p>El temblor es de 5,2 en la escala Richter y se ha producido a las 17.16 (hora peninsular) Un terremoto con epicentro en Ossa de Montiel, provincia de Albacete, ha sacudido el centro de Espa\u00f1a este lunes. El temblor ha tenido lugar a las 17.16 (hora peninsular espa\u00f1ola) y se ha notado en varias provincias, [&hellip;]<\/p>\n","protected":false},"author":1,"featured_media":0,"comment_status":"open","ping_status":"open","sticky":false,"template":"","format":"standard","meta":{"footnotes":""},"categories":[1],"tags":[],"class_list":["post-3367","post","type-post","status-publish","format-standard","hentry","category-entretenimiento"],"_links":{"self":[{"href":"https:\/\/2horizontes.com\/index.php?rest_route=\/wp\/v2\/posts\/3367","targetHints":{"allow":["GET"]}}],"collection":[{"href":"https:\/\/2horizontes.com\/index.php?rest_route=\/wp\/v2\/posts"}],"about":[{"href":"https:\/\/2horizontes.com\/index.php?rest_route=\/wp\/v2\/types\/post"}],"author":[{"embeddable":true,"href":"https:\/\/2horizontes.com\/index.php?rest_route=\/wp\/v2\/users\/1"}],"replies":[{"embeddable":true,"href":"https:\/\/2horizontes.com\/index.php?rest_route=%2Fwp%2Fv2%2Fcomments&post=3367"}],"version-history":[{"count":1,"href":"https:\/\/2horizontes.com\/index.php?rest_route=\/wp\/v2\/posts\/3367\/revisions"}],"predecessor-version":[{"id":3370,"href":"https:\/\/2horizontes.com\/index.php?rest_route=\/wp\/v2\/posts\/3367\/revisions\/3370"}],"wp:attachment":[{"href":"https:\/\/2horizontes.com\/index.php?rest_route=%2Fwp%2Fv2%2Fmedia&parent=3367"}],"wp:term":[{"taxonomy":"category","embeddable":true,"href":"https:\/\/2horizontes.com\/index.php?rest_route=%2Fwp%2Fv2%2Fcategories&post=3367"},{"taxonomy":"post_tag","embeddable":true,"href":"https:\/\/2horizontes.com\/index.php?rest_route=%2Fwp%2Fv2%2Ftags&post=3367"}],"curies":[{"name":"wp","href":"https:\/\/api.w.org\/{rel}","templated":true}]}}