{"id":33664,"date":"2015-11-23T10:00:54","date_gmt":"2015-11-23T09:00:54","guid":{"rendered":"http:\/\/2horizontes.com\/?p=33664"},"modified":"2015-11-23T10:00:54","modified_gmt":"2015-11-23T09:00:54","slug":"un-muerto-por-sismo-de-magnitud-51-en-merida-venezuela","status":"publish","type":"post","link":"https:\/\/2horizontes.com\/?p=33664","title":{"rendered":"Un muerto por sismo de magnitud 5,1 en M\u00e9rida Venezuela"},"content":{"rendered":"<p>Un hombre de 51 a\u00f1os falleci\u00f3 en la Troncal 008 de M\u00e9rida a consecuencia de un sismo de magnitud 5,1 que se registr\u00f3 a las 4:08 p.m. este domingo en El Vigia.<\/p>\n<p>La v\u00edctima, identificada como Federico M\u00e9ndez, se desplazaba por la referida v\u00eda cuando colision\u00f3 con otro veh\u00edculo en el puente Los Caracoles.<\/p>\n<p>El gobernador de la entidad, Alexis Ram\u00edrez, inform\u00f3 que M\u00e9ndez se encontraba acompa\u00f1ado de su hijo, quien result\u00f3 lesionado.<\/p>\n<p>Hasta el momento, 5 viviendas y un edificio est\u00e1n parcialmente afectados.<\/p>\n<p>El presidente Nicol\u00e1s Maduro lament\u00f3 el deceso y dijo que la Gran Misi\u00f3n Vivienda Venezuela (Gmvv) y Barrio Nuevo Barrio Tricolor atender\u00e1n r\u00e1pidamente a las familias afectadas.<\/p>\n<p>Al menos 3 r\u00e9plicas de magnitudes 3.2, 2.0 y 3.0 se han producido despu\u00e9s del movimiento tel\u00farico que volvi\u00f3 a inquietar a los meride\u00f1os.<\/p>\n<p>El director nacional de Protecci\u00f3n Civil (PC) Luis D\u00edaz Curbelo indic\u00f3 que las troncales 007 y 008 se mantienen cerradas por derrumbes.<\/p>\n<p>Asimismo, dijo que est\u00e1n activados todos los sistemas de seguridad del estado ante posibles r\u00e9plicas.<\/p>\n","protected":false},"excerpt":{"rendered":"<p>Un hombre de 51 a\u00f1os falleci\u00f3 en la Troncal 008 de M\u00e9rida a consecuencia de un sismo de magnitud 5,1 que se registr\u00f3 a las 4:08 p.m. este domingo en El Vigia. La v\u00edctima, identificada como Federico M\u00e9ndez, se desplazaba por la referida v\u00eda cuando colision\u00f3 con otro veh\u00edculo en el puente Los Caracoles. El [&hellip;]<\/p>\n","protected":false},"author":3,"featured_media":33665,"comment_status":"open","ping_status":"open","sticky":false,"template":"","format":"standard","meta":{"footnotes":""},"categories":[48],"tags":[],"class_list":["post-33664","post","type-post","status-publish","format-standard","has-post-thumbnail","hentry","category-venezuela"],"_links":{"self":[{"href":"https:\/\/2horizontes.com\/index.php?rest_route=\/wp\/v2\/posts\/33664","targetHints":{"allow":["GET"]}}],"collection":[{"href":"https:\/\/2horizontes.com\/index.php?rest_route=\/wp\/v2\/posts"}],"about":[{"href":"https:\/\/2horizontes.com\/index.php?rest_route=\/wp\/v2\/types\/post"}],"author":[{"embeddable":true,"href":"https:\/\/2horizontes.com\/index.php?rest_route=\/wp\/v2\/users\/3"}],"replies":[{"embeddable":true,"href":"https:\/\/2horizontes.com\/index.php?rest_route=%2Fwp%2Fv2%2Fcomments&post=33664"}],"version-history":[{"count":1,"href":"https:\/\/2horizontes.com\/index.php?rest_route=\/wp\/v2\/posts\/33664\/revisions"}],"predecessor-version":[{"id":33666,"href":"https:\/\/2horizontes.com\/index.php?rest_route=\/wp\/v2\/posts\/33664\/revisions\/33666"}],"wp:featuredmedia":[{"embeddable":true,"href":"https:\/\/2horizontes.com\/index.php?rest_route=\/wp\/v2\/media\/33665"}],"wp:attachment":[{"href":"https:\/\/2horizontes.com\/index.php?rest_route=%2Fwp%2Fv2%2Fmedia&parent=33664"}],"wp:term":[{"taxonomy":"category","embeddable":true,"href":"https:\/\/2horizontes.com\/index.php?rest_route=%2Fwp%2Fv2%2Fcategories&post=33664"},{"taxonomy":"post_tag","embeddable":true,"href":"https:\/\/2horizontes.com\/index.php?rest_route=%2Fwp%2Fv2%2Ftags&post=33664"}],"curies":[{"name":"wp","href":"https:\/\/api.w.org\/{rel}","templated":true}]}}