{"id":33658,"date":"2015-11-23T09:54:04","date_gmt":"2015-11-23T08:54:04","guid":{"rendered":"http:\/\/2horizontes.com\/?p=33658"},"modified":"2015-11-23T09:54:04","modified_gmt":"2015-11-23T08:54:04","slug":"asesinan-a-venezolano-israeli-en-ataque-terrorista-de-mali","status":"publish","type":"post","link":"https:\/\/2horizontes.com\/?p=33658","title":{"rendered":"Asesinan a venezolano-israel\u00ed en ataque terrorista de Mali"},"content":{"rendered":"<p>El Ministerio de Relaciones Exteriores de Israel confirm\u00f3 el s\u00e1bado que un venezolano-israel\u00ed se encontraba entre las 20 personas asesinadas en el ataque terrorista contra el hotel Radisson Blu en Bamako, capital de Mal\u00ed, el viernes. La v\u00edctima fue identificada como Samuel Benalal, de 58 a\u00f1os, oriundo de Tzur Hadassah.<\/p>\n<p>Otro israel\u00ed que estaba en el hotel cuando los terroristas isl\u00e1micos atacaron el edificio fue rescatado por comandos de las fuerzas especiales de Mal\u00ed, junto con unos otros 170 rehenes, y ya ha abandonado el pa\u00eds.<\/p>\n<p>Dado que Israel no tiene relaciones diplom\u00e1ticas con Mal\u00ed, el Ministerio de Relaciones Exteriores est\u00e1 siendo asistido por las embajadas alemanas y estadounidenses en el pa\u00eds, en un esfuerzo de identificar el cuerpo.<\/p>\n<p>Benalal, quien naci\u00f3 en Venezuela e inmigr\u00f3 a Israel a una edad temprana, visit\u00f3 Mal\u00ed varias veces en el pasado, y se desempe\u00f1aba como asesor del Gobierno en temas de educaci\u00f3n.<\/p>\n<p>Padre de 3 hijos, Benalal fue un educador que trabaj\u00f3 como director de una escuela jud\u00eda en M\u00e9xico, entre otras cosas. En los \u00faltimos a\u00f1os, se desempe\u00f1\u00f3 como CEO del Telos Group Ltd., una empresa de consultor\u00eda que se especializa en el desarrollo internacional de la educaci\u00f3n, sobre todo en los pa\u00edses del tercer mundo como Vietnam, Macedonia y los pa\u00edses de la antigua Uni\u00f3n Sovi\u00e9tica.<\/p>\n","protected":false},"excerpt":{"rendered":"<p>El Ministerio de Relaciones Exteriores de Israel confirm\u00f3 el s\u00e1bado que un venezolano-israel\u00ed se encontraba entre las 20 personas asesinadas en el ataque terrorista contra el hotel Radisson Blu en Bamako, capital de Mal\u00ed, el viernes. La v\u00edctima fue identificada como Samuel Benalal, de 58 a\u00f1os, oriundo de Tzur Hadassah. Otro israel\u00ed que estaba en [&hellip;]<\/p>\n","protected":false},"author":3,"featured_media":33659,"comment_status":"open","ping_status":"open","sticky":false,"template":"","format":"standard","meta":{"footnotes":""},"categories":[40,48],"tags":[],"class_list":["post-33658","post","type-post","status-publish","format-standard","has-post-thumbnail","hentry","category-internacionales","category-venezuela"],"_links":{"self":[{"href":"https:\/\/2horizontes.com\/index.php?rest_route=\/wp\/v2\/posts\/33658","targetHints":{"allow":["GET"]}}],"collection":[{"href":"https:\/\/2horizontes.com\/index.php?rest_route=\/wp\/v2\/posts"}],"about":[{"href":"https:\/\/2horizontes.com\/index.php?rest_route=\/wp\/v2\/types\/post"}],"author":[{"embeddable":true,"href":"https:\/\/2horizontes.com\/index.php?rest_route=\/wp\/v2\/users\/3"}],"replies":[{"embeddable":true,"href":"https:\/\/2horizontes.com\/index.php?rest_route=%2Fwp%2Fv2%2Fcomments&post=33658"}],"version-history":[{"count":1,"href":"https:\/\/2horizontes.com\/index.php?rest_route=\/wp\/v2\/posts\/33658\/revisions"}],"predecessor-version":[{"id":33660,"href":"https:\/\/2horizontes.com\/index.php?rest_route=\/wp\/v2\/posts\/33658\/revisions\/33660"}],"wp:featuredmedia":[{"embeddable":true,"href":"https:\/\/2horizontes.com\/index.php?rest_route=\/wp\/v2\/media\/33659"}],"wp:attachment":[{"href":"https:\/\/2horizontes.com\/index.php?rest_route=%2Fwp%2Fv2%2Fmedia&parent=33658"}],"wp:term":[{"taxonomy":"category","embeddable":true,"href":"https:\/\/2horizontes.com\/index.php?rest_route=%2Fwp%2Fv2%2Fcategories&post=33658"},{"taxonomy":"post_tag","embeddable":true,"href":"https:\/\/2horizontes.com\/index.php?rest_route=%2Fwp%2Fv2%2Ftags&post=33658"}],"curies":[{"name":"wp","href":"https:\/\/api.w.org\/{rel}","templated":true}]}}