{"id":33595,"date":"2015-11-21T16:00:57","date_gmt":"2015-11-21T15:00:57","guid":{"rendered":"http:\/\/2horizontes.com\/?p=33595"},"modified":"2015-11-21T16:00:57","modified_gmt":"2015-11-21T15:00:57","slug":"solicitan-vicepresidenta-terminar-centro-comunitario-paraiso-rd","status":"publish","type":"post","link":"https:\/\/2horizontes.com\/?p=33595","title":{"rendered":"Solicitan Vicepresidenta terminar centro comunitario Paraiso RD"},"content":{"rendered":"<p>RD-PARA\u00cdSO.- Residentes en esta localidad solicitaron a la vicepresidente de la Rep\u00fablica, Margarita Cede\u00f1o de Fern\u00e1ndez, la terminaci\u00f3n del Centro Tecnol\u00f3gico Comunitario (CTC) que se encuentra abandonado hace siete a\u00f1os.<\/p>\n<p>Dicen los moradores de Para\u00edso que esta obra fue iniciada a principios 2008 cuando Cede\u00f1o Fern\u00e1ndez dirig\u00eda el Despacho de la Primera Dama de la Rep\u00fablica, quedando luego los trabajos paralizados.<\/p>\n<p>La infraestructura se percibe avanzada, en m\u00e1s de un 90 % para su conclusi\u00f3n. Por tanto solicitan que la obra sea terminada cuanto antes para que cientos de j\u00f3venes se beneficien con los cursos talleres que se imparten en el CTC.<\/p>\n<p>Establecieron que desde sus inicios la obra ha pasado por manos de diferentes maestros constructores pero ninguno han podido concluir los trabajos porque su permanencia es de una a dos semanas de labor y luego se marchan.<\/p>\n","protected":false},"excerpt":{"rendered":"<p>RD-PARA\u00cdSO.- Residentes en esta localidad solicitaron a la vicepresidente de la Rep\u00fablica, Margarita Cede\u00f1o de Fern\u00e1ndez, la terminaci\u00f3n del Centro Tecnol\u00f3gico Comunitario (CTC) que se encuentra abandonado hace siete a\u00f1os. Dicen los moradores de Para\u00edso que esta obra fue iniciada a principios 2008 cuando Cede\u00f1o Fern\u00e1ndez dirig\u00eda el Despacho de la Primera Dama de la [&hellip;]<\/p>\n","protected":false},"author":8,"featured_media":33596,"comment_status":"open","ping_status":"open","sticky":false,"template":"","format":"standard","meta":{"footnotes":""},"categories":[43,53,44],"tags":[],"class_list":["post-33595","post","type-post","status-publish","format-standard","has-post-thumbnail","hentry","category-politica","category-provincias","category-republica-dominicana"],"_links":{"self":[{"href":"https:\/\/2horizontes.com\/index.php?rest_route=\/wp\/v2\/posts\/33595","targetHints":{"allow":["GET"]}}],"collection":[{"href":"https:\/\/2horizontes.com\/index.php?rest_route=\/wp\/v2\/posts"}],"about":[{"href":"https:\/\/2horizontes.com\/index.php?rest_route=\/wp\/v2\/types\/post"}],"author":[{"embeddable":true,"href":"https:\/\/2horizontes.com\/index.php?rest_route=\/wp\/v2\/users\/8"}],"replies":[{"embeddable":true,"href":"https:\/\/2horizontes.com\/index.php?rest_route=%2Fwp%2Fv2%2Fcomments&post=33595"}],"version-history":[{"count":1,"href":"https:\/\/2horizontes.com\/index.php?rest_route=\/wp\/v2\/posts\/33595\/revisions"}],"predecessor-version":[{"id":33597,"href":"https:\/\/2horizontes.com\/index.php?rest_route=\/wp\/v2\/posts\/33595\/revisions\/33597"}],"wp:featuredmedia":[{"embeddable":true,"href":"https:\/\/2horizontes.com\/index.php?rest_route=\/wp\/v2\/media\/33596"}],"wp:attachment":[{"href":"https:\/\/2horizontes.com\/index.php?rest_route=%2Fwp%2Fv2%2Fmedia&parent=33595"}],"wp:term":[{"taxonomy":"category","embeddable":true,"href":"https:\/\/2horizontes.com\/index.php?rest_route=%2Fwp%2Fv2%2Fcategories&post=33595"},{"taxonomy":"post_tag","embeddable":true,"href":"https:\/\/2horizontes.com\/index.php?rest_route=%2Fwp%2Fv2%2Ftags&post=33595"}],"curies":[{"name":"wp","href":"https:\/\/api.w.org\/{rel}","templated":true}]}}