{"id":33572,"date":"2015-11-21T13:17:49","date_gmt":"2015-11-21T12:17:49","guid":{"rendered":"http:\/\/2horizontes.com\/?p=33572"},"modified":"2015-11-21T13:24:35","modified_gmt":"2015-11-21T12:24:35","slug":"bruselas-eleva-al-maximo-el-nivel-de-alerta-ante-una-amenaza-inminente-leer-mas-ataques-paris-bruselas-eleva-al-maximo-el-nivel-de-alerta-ante-una-amenaza-inminente-noticias-de-mundo-httpgoo","status":"publish","type":"post","link":"https:\/\/2horizontes.com\/?p=33572","title":{"rendered":"Bruselas eleva al m\u00e1ximo el nivel de alerta ante una amenaza inminente"},"content":{"rendered":"<p><strong>Bruselas<\/strong><\/p>\n<p>El Gobierno belga elev\u00f3\u00a0al m\u00e1ximo el nivel de alerta en\u00a0Bruselas en la madrugada del s\u00e1bado ante los temores de una <strong>amenaza inminente terrorista<\/strong>, informaron varios medios de comunicaci\u00f3n belgas y franceses. Los medios precisan que el \u00d3rgano de Coordinaci\u00f3n para el An\u00e1lisis de Amenazas (Ocam) <strong>elev\u00f3 a 4 el nivel <\/strong>en la capital belga, el m\u00e1ximo en la escala de alertas. El Ocam hab\u00eda confirmado que la alerta terrorista ten\u00eda la alerta en el <strong>nivel tres<\/strong>, lo que significaba que hab\u00eda una amenaza <strong>\u00abposible y veros\u00edmil\u00bb<\/strong>.<\/p>\n<div>\n<div>\n<p>La medida tiene lugar menos de un d\u00eda despu\u00e9s de que un grupo de yihadistas irrumpiera en un hotel de lujo de <a href=\"http:\/\/www.elconfidencial.com\/mundo\/2015-11-20\/grupo-yihadista-hotel-radisson-mali-atentado_1102631\/\" target=\"_self\">Mali<\/a> y causara la <strong>muerte de 27<\/strong> personas tras un<strong> secuestro de siete horas<\/strong> al que puso fin las fuerzas de seguridad del estado.\u00a0En la operaci\u00f3n para liberar a los 170 empleados y clientes del hotel tambi\u00e9n resultaron muertos <strong>dos de los terroristas<\/strong> del grupo <strong>Al Mourabitoun<\/strong>que llevaron a cabo el ataque en colaboraci\u00f3n con Al Qaeda en el Magreb Isl\u00e1mico.<\/p>\n<div class=\"articlephoto news-width-text\">\n<figure class=\"news-img-figure\"><img decoding=\"async\" class=\"news-img-def \" src=\"http:\/\/www.ecestaticos.com\/image\/clipping\/654\/8fd3c8a402c6c19a3b5979e967d6fdcc\/el-ministro-del-interior-belga-jan-jambon-en-declaraciones-a-los-medios-efe.jpg\" alt=\"El ministro del Interior belga, Jan Jambon, en declaraciones a los medios. (EFE)\" \/><figcaption class=\"news-img-caption-def\">El ministro del Interior belga, Jan Jambon, en declaraciones a los medios. (EFE)<\/figcaption><\/figure>\n<\/div>\n<p>Las autoridades belgas decidieron ayer mantener en prisi\u00f3n a tres de las personas detenidas en\u00a0Bruselas\u00a0en la \u00faltima semana en relaci\u00f3n con los atentados de Par\u00eds del d\u00eda 13, mientras contin\u00faa la b\u00fasqueda de Salah Abdeslam, uno de los presuntos terroristas que participaron en los ataques.<\/p>\n<h2>El metro, cerrado<\/h2>\n<div>\n<div>\n<p>En consecuencia, <strong>ning\u00fan metro circular\u00e1 hoy en Bruselas<\/strong>. La Sociedad de Transportes Intercomunales de\u00a0Bruselas\u00a0(STIB), que anunci\u00f3 hoy la anulaci\u00f3n de la circulaci\u00f3n de las l\u00edneas de metro, aunque<strong> no las de los autobuses<\/strong>, explic\u00f3 que la situaci\u00f3n ser\u00e1 evaluada cada d\u00eda. El Centro de Crisis belga hab\u00eda aconsejado al Gobierno de la regi\u00f3n de\u00a0Bruselas\u00a0la interrupci\u00f3n de la circulaci\u00f3n del metro en el conjunto de la red entre el s\u00e1bado 21 y el domingo 22 de noviembre.<\/p>\n<p>Seg\u00fan ese Centro, era importante difundir cuanto antes la informaci\u00f3n del aumento de la alerta de seguridad \u00abpara que todo el mundo est\u00e9 informado desde esta ma\u00f1ana\u00bb.\u00a0A las autoridades administrativas de los 19 distritos comunales de la regi\u00f3n de\u00a0Bruselas, el Centro de Crisis les aconseja tambi\u00e9n la<strong>anulaci\u00f3n de los grandes acontecimientos<\/strong> previstos en sus territorios.<\/p>\n<p>Tambi\u00e9n se les pide que lleven a cabo \u00abuna comunicaci\u00f3n dirigida a la poblaci\u00f3n\u00bb para que se eviten los lugares donde suele haber gran presencia de personas, como conciertos, las estaciones, los aeropuertos, los transportes en com\u00fan y las concentraciones de comercios.\u00a0Asimismo recomiendan la cancelaci\u00f3n de los partidos de<strong> f\u00fatbol de primera y segunda divisi\u00f3n<\/strong> durante este fin de semana, aunque todav\u00eda no se ha comunicado ninguna decisi\u00f3n al respecto.\u00a0Adem\u00e1s se recomienda aumentar el dispositivo policial y militar que patrulla las calles de\u00a0Bruselas.<\/p>\n<div class=\"articlephoto news-body-fig\">\n<figure class=\"news-img-figure\"><img decoding=\"async\" class=\"news-img-def \" src=\"http:\/\/www.ecestaticos.com\/image\/clipping\/939\/eee9786c25be3fb90ab1aa8db97b30b3\/un-vehiculo-sospechoso-dispara-las-alarmas-en-el-parlamento-europeo.jpg\" alt=\"Un veh\u00edculo sospechoso dispara las alarmas en el Parlamento Europeo. (EFE)\" \/><figcaption class=\"news-img-caption-def\">Un veh\u00edculo sospechoso dispara las alarmas en el Parlamento Europeo. (EFE)<\/figcaption><\/figure>\n<\/div>\n<p>Esta medida excepcional, que s\u00f3lo ha sido adoptada hasta la fecha en <strong>dos ocasiones<\/strong>, se debe a que \u00abel an\u00e1lisis demuestra una amenaza grave e inminente que necesita la adopci\u00f3n de medidas de seguridad espec\u00edficas, y recomendaciones particulares a la poblaci\u00f3n\u00bb, indica el Centro de Crisis en su p\u00e1gina web.<br \/>\nTambi\u00e9n se pide a la poblaci\u00f3n que facilite los controles de seguridad.\u00a0\u00abNo difundan rumores. Sigan las informaciones oficiales de las autoridades y los servicios de la polic\u00eda\u00bb, indic\u00f3 el Ocam.<\/p>\n<p>Para el resto del pa\u00eds sigue en vigor el nivel de alerta 3, elevado, que se aplica en los casos de amenaza \u00abposible y probable\u00bb y que se adopt\u00f3 tras los atentados de Par\u00eds.<\/p>\n<p>F. El Confidencial.<\/p>\n<\/div>\n<\/div>\n<\/div>\n<\/div>\n","protected":false},"excerpt":{"rendered":"<p>Bruselas El Gobierno belga elev\u00f3\u00a0al m\u00e1ximo el nivel de alerta en\u00a0Bruselas en la madrugada del s\u00e1bado ante los temores de una amenaza inminente terrorista, informaron varios medios de comunicaci\u00f3n belgas y franceses. Los medios precisan que el \u00d3rgano de Coordinaci\u00f3n para el An\u00e1lisis de Amenazas (Ocam) elev\u00f3 a 4 el nivel en la capital belga, [&hellip;]<\/p>\n","protected":false},"author":7,"featured_media":33573,"comment_status":"open","ping_status":"open","sticky":false,"template":"","format":"standard","meta":{"footnotes":""},"categories":[86,40],"tags":[],"class_list":["post-33572","post","type-post","status-publish","format-standard","has-post-thumbnail","hentry","category-europa","category-internacionales"],"_links":{"self":[{"href":"https:\/\/2horizontes.com\/index.php?rest_route=\/wp\/v2\/posts\/33572","targetHints":{"allow":["GET"]}}],"collection":[{"href":"https:\/\/2horizontes.com\/index.php?rest_route=\/wp\/v2\/posts"}],"about":[{"href":"https:\/\/2horizontes.com\/index.php?rest_route=\/wp\/v2\/types\/post"}],"author":[{"embeddable":true,"href":"https:\/\/2horizontes.com\/index.php?rest_route=\/wp\/v2\/users\/7"}],"replies":[{"embeddable":true,"href":"https:\/\/2horizontes.com\/index.php?rest_route=%2Fwp%2Fv2%2Fcomments&post=33572"}],"version-history":[{"count":3,"href":"https:\/\/2horizontes.com\/index.php?rest_route=\/wp\/v2\/posts\/33572\/revisions"}],"predecessor-version":[{"id":33576,"href":"https:\/\/2horizontes.com\/index.php?rest_route=\/wp\/v2\/posts\/33572\/revisions\/33576"}],"wp:featuredmedia":[{"embeddable":true,"href":"https:\/\/2horizontes.com\/index.php?rest_route=\/wp\/v2\/media\/33573"}],"wp:attachment":[{"href":"https:\/\/2horizontes.com\/index.php?rest_route=%2Fwp%2Fv2%2Fmedia&parent=33572"}],"wp:term":[{"taxonomy":"category","embeddable":true,"href":"https:\/\/2horizontes.com\/index.php?rest_route=%2Fwp%2Fv2%2Fcategories&post=33572"},{"taxonomy":"post_tag","embeddable":true,"href":"https:\/\/2horizontes.com\/index.php?rest_route=%2Fwp%2Fv2%2Ftags&post=33572"}],"curies":[{"name":"wp","href":"https:\/\/api.w.org\/{rel}","templated":true}]}}