{"id":33566,"date":"2015-11-21T12:54:45","date_gmt":"2015-11-21T11:54:45","guid":{"rendered":"http:\/\/2horizontes.com\/?p=33566"},"modified":"2015-11-21T12:54:45","modified_gmt":"2015-11-21T11:54:45","slug":"confirman-que-mujer-investigada-por-ataques-en-paris-estuvo-en-ecuador","status":"publish","type":"post","link":"https:\/\/2horizontes.com\/?p=33566","title":{"rendered":"Confirman que mujer investigada por ataques en Par\u00eds estuvo en Ecuador"},"content":{"rendered":"<div id=\"ArticleAuthorDiv\" class=\"article-body-author\"><b>EFE<\/b><\/div>\n<div id=\"ArticleSourceDiv\" class=\"article-body-author\"><b>Quito<\/b><\/div>\n<div id=\"ArticleBody\">\n<p>El ministro ecuatoriano del Interior, Jos\u00e9 Serrano, confirm\u00f3 hoy que Al Sakhadi Seham, una de las personas investigadas por presuntamente haber participado en la cadena de atentados que asol\u00f3 Par\u00eds el pasado 13 de noviembre estuvo en Ecuador, inform\u00f3 la televisi\u00f3n Ecuavisa.<\/p>\n<p>\u00abLa se\u00f1ora entr\u00f3 legalmente al pa\u00eds con su pasaporte completamente l\u00edcito desde Brasil, es decir no es que tuvo aqu\u00ed una presencia clandestina\u00bb, dijo Serrano a Ecuavisa y agreg\u00f3 que no hay un registro de la salida del pa\u00eds de la ciudadana.<\/p>\n<p>\u00abNo sali\u00f3 legalmente del pa\u00eds, no tenemos registro de la salida del pa\u00eds de ella y, el otro tema que tenemos, es pero que s\u00ed ingres\u00f3 a Colombia\u00bb, a\u00f1adi\u00f3 el ministro.<\/p>\n<p>Desde Bogot\u00e1 se inform\u00f3 ayer de que una de las personas investigadas por supuestamente haber participado en la cadena de atentados que asol\u00f3 Par\u00eds sali\u00f3 de Bogot\u00e1 en julio pasado con destino a la capital francesa y soborn\u00f3 a funcionarios de migraci\u00f3n para poder abandonar el pa\u00eds, seg\u00fan informaron a Efe fuentes de ese organismo.<\/p>\n<p>La presunta terrorista, identificada como Al Sakhadi Seham, de nacionalidad siria, hizo una escala en Bogot\u00e1, adonde lleg\u00f3 desde Ecuador, pa\u00eds en el que permaneci\u00f3 seis meses tras un largo periplo, agreg\u00f3 esa fuente.<\/p>\n<p>La Canciller\u00eda colombiana explic\u00f3 hoy que no est\u00e1 confirmado que la mujer que sali\u00f3 de Bogot\u00e1 el pasado 6 de julio con destino a Par\u00eds participase en los atentados de esa ciudad, y que son las autoridades francesas las que podr\u00edan ratificar su vinculaci\u00f3n con esos hechos.<\/p>\n<p>\u00abSon las autoridades francesas las que podr\u00edan confirmar o desmentir la vinculaci\u00f3n de esta mujer en los atentados registrados en Par\u00eds en d\u00edas pasados\u00bb, explic\u00f3 la Canciller\u00eda en un comunicado.<\/p>\n<p>En este sentido, el Ministerio de Relaciones Exteriores destac\u00f3 que la Fiscal\u00eda \u00abno tiene informaci\u00f3n sobre tr\u00e1nsito por Colombia de personas vinculadas\u00bb a la cadena de atentados.<\/p>\n<p>La Canciller\u00eda a\u00f1adi\u00f3 hoy que a comienzos del mes julio se advirti\u00f3 a las autoridades francesas acerca de las sospechas que se ten\u00edan sobre una mujer que har\u00eda escala en Par\u00eds, tras haber salido de Colombia rumbo a Estocolmo con un pasaporte israel\u00ed.<\/p>\n<\/div>\n","protected":false},"excerpt":{"rendered":"<p>EFE Quito El ministro ecuatoriano del Interior, Jos\u00e9 Serrano, confirm\u00f3 hoy que Al Sakhadi Seham, una de las personas investigadas por presuntamente haber participado en la cadena de atentados que asol\u00f3 Par\u00eds el pasado 13 de noviembre estuvo en Ecuador, inform\u00f3 la televisi\u00f3n Ecuavisa. \u00abLa se\u00f1ora entr\u00f3 legalmente al pa\u00eds con su pasaporte completamente l\u00edcito [&hellip;]<\/p>\n","protected":false},"author":7,"featured_media":33567,"comment_status":"open","ping_status":"open","sticky":false,"template":"","format":"standard","meta":{"footnotes":""},"categories":[86,40],"tags":[],"class_list":["post-33566","post","type-post","status-publish","format-standard","has-post-thumbnail","hentry","category-europa","category-internacionales"],"_links":{"self":[{"href":"https:\/\/2horizontes.com\/index.php?rest_route=\/wp\/v2\/posts\/33566","targetHints":{"allow":["GET"]}}],"collection":[{"href":"https:\/\/2horizontes.com\/index.php?rest_route=\/wp\/v2\/posts"}],"about":[{"href":"https:\/\/2horizontes.com\/index.php?rest_route=\/wp\/v2\/types\/post"}],"author":[{"embeddable":true,"href":"https:\/\/2horizontes.com\/index.php?rest_route=\/wp\/v2\/users\/7"}],"replies":[{"embeddable":true,"href":"https:\/\/2horizontes.com\/index.php?rest_route=%2Fwp%2Fv2%2Fcomments&post=33566"}],"version-history":[{"count":1,"href":"https:\/\/2horizontes.com\/index.php?rest_route=\/wp\/v2\/posts\/33566\/revisions"}],"predecessor-version":[{"id":33568,"href":"https:\/\/2horizontes.com\/index.php?rest_route=\/wp\/v2\/posts\/33566\/revisions\/33568"}],"wp:featuredmedia":[{"embeddable":true,"href":"https:\/\/2horizontes.com\/index.php?rest_route=\/wp\/v2\/media\/33567"}],"wp:attachment":[{"href":"https:\/\/2horizontes.com\/index.php?rest_route=%2Fwp%2Fv2%2Fmedia&parent=33566"}],"wp:term":[{"taxonomy":"category","embeddable":true,"href":"https:\/\/2horizontes.com\/index.php?rest_route=%2Fwp%2Fv2%2Fcategories&post=33566"},{"taxonomy":"post_tag","embeddable":true,"href":"https:\/\/2horizontes.com\/index.php?rest_route=%2Fwp%2Fv2%2Ftags&post=33566"}],"curies":[{"name":"wp","href":"https:\/\/api.w.org\/{rel}","templated":true}]}}